{"id":186,"date":"2016-03-16T19:00:13","date_gmt":"2016-03-16T19:00:13","guid":{"rendered":"http:\/\/www.alsdorfer-geschichtsverein.de\/blog\/?p=186"},"modified":"2016-03-17T18:09:19","modified_gmt":"2016-03-17T18:09:19","slug":"programm-1-halbjahr-2016","status":"publish","type":"post","link":"https:\/\/www.alsdorfer-geschichtsverein.de\/blog\/?p=186","title":{"rendered":"Programm Fr\u00fchjahr\/Sommer 2016"},"content":{"rendered":"<p><strong><span style=\"text-decoration: underline;\">Programm Fr\u00fchjahr\/Sommer 2016<\/span><\/strong><\/p>\n<p>\u00c4nderungen vorbehalten<\/p>\n<table>\n<tbody>\n<tr>\n<td colspan=\"4\"><strong>Januar<\/strong><\/td>\n<\/tr>\n<tr>\n<td width=\"190\">Samstag,<br \/>\n16. Januar<\/td>\n<td width=\"80\"><strong>Jour Fixe<br \/>\n<\/strong><\/td>\n<td width=\"65\">11 Uhr<\/td>\n<td width=\"255\">Die Alsdorfer Sch\u00fctzengilde 1909 bis 1989<strong><br \/>\n<\/strong><\/td>\n<\/tr>\n<tr>\n<td width=\"190\">Mittwoch,<br \/>\n27. Januar 2016<\/td>\n<td width=\"80\"><strong>Vortrag<br \/>\n<\/strong><\/td>\n<td width=\"65\">19 Uhr<br \/>\nRathaus<\/td>\n<td width=\"255\"><strong>Schlo\u00df Ottenfeld. <\/strong>Lichtbildvortrag von Dr. Franz Schneider<\/td>\n<\/tr>\n<tr>\n<td width=\"190\"><\/td>\n<td width=\"80\"><\/td>\n<td width=\"65\"><\/td>\n<td width=\"255\"><\/td>\n<\/tr>\n<tr>\n<td colspan=\"4\"><strong>Februar<\/strong><\/td>\n<\/tr>\n<tr>\n<td width=\"190\">Mittwoch,<br \/>\n17. Februar<\/td>\n<td width=\"80\"><strong>Jahresversammlung<br \/>\n<\/strong><\/td>\n<td width=\"65\">19 &#8211; 20 Uhr<\/td>\n<td width=\"255\">Lichtbildvortrag von Rudolf Bast und Reinhard Wirtz zur Hessenfahrt 2015<\/td>\n<\/tr>\n<tr>\n<td width=\"190\">Samstag,<br \/>\n27. Februar<\/td>\n<td width=\"80\"><strong>Exkursion<\/strong><\/td>\n<td width=\"65\">13 Uhr ab Rathaus<\/td>\n<td width=\"255\"><strong>Revolution Jungsteinzeit<br \/>\n<\/strong>Besuch der LVR-Landesausstellung in Bonn<strong><br \/>\n<\/strong><\/td>\n<\/tr>\n<tr>\n<td width=\"190\"><\/td>\n<td width=\"80\"><\/td>\n<td width=\"65\"><\/td>\n<td width=\"255\"><\/td>\n<\/tr>\n<tr>\n<td colspan=\"4\"><strong>M\u00e4rz<\/strong><\/td>\n<\/tr>\n<tr>\n<td width=\"190\">Mittwoch,<br \/>\n9. M\u00e4rz<\/td>\n<td width=\"80\"><strong>Vortrag<\/strong><\/td>\n<td width=\"65\">19 Uhr<br \/>\nBurg<\/td>\n<td width=\"255\"><strong>Wasser ist nicht (nur) zum Waschen da. <\/strong>Kulturgeschichtlicher Vortrag von Armin Meissner. Gemeinsame Veranstaltung mit VHS Nordkreis Aachen.<\/td>\n<\/tr>\n<tr>\n<td width=\"190\">Samstag,<br \/>\n19. M\u00e4rz<\/td>\n<td width=\"80\"><strong>Jour Fixe<\/strong><\/td>\n<td width=\"65\">11-12:30 Uhr<br \/>\nBurg (Kaminzimmer)<\/td>\n<td width=\"255\"><strong>Der Alsdorfer Radsportverein 1919<br \/>\n(Willi Schmitz)<br \/>\n<\/strong><\/td>\n<\/tr>\n<tr>\n<td width=\"190\"><\/td>\n<td width=\"80\"><\/td>\n<td width=\"65\"><\/td>\n<td width=\"255\"><\/td>\n<\/tr>\n<tr>\n<td colspan=\"4\"><strong>April<\/strong><\/td>\n<\/tr>\n<tr>\n<td width=\"190\">Samstag,<br \/>\n2. April<\/td>\n<td width=\"80\"><strong>Exkursion<\/strong><\/td>\n<td width=\"65\">8:30 Uhr<br \/>\nab Rathaus<\/td>\n<td width=\"255\"><strong>Tongern. Die \u00e4lteste Stadt Belgiens<br \/>\n<\/strong>Tagesfahrt nach Tongern. <strong><br \/>\n<\/strong><\/td>\n<\/tr>\n<tr>\n<td width=\"190\">Samstag,<br \/>\n23. April<\/td>\n<td width=\"80\"><strong>Jour Fixe<\/strong><\/td>\n<td width=\"65\">11 Uhr<br \/>\nBurg (Kaminzimmer)<\/td>\n<td width=\"255\"><strong>Vor 200 Jahren<br \/>\n<\/strong>Errichtung der preu\u00dfischen B\u00fcrgermeisterei Alsdorf<\/td>\n<\/tr>\n<tr>\n<td><\/td>\n<td colspan=\"3\"><strong>Workshop Franz\u00f6sische Revolution mit Armin Meissner (mit VHS)<\/strong><\/td>\n<\/tr>\n<tr>\n<td width=\"190\">Dienstag,<br \/>\n19. April<\/td>\n<td width=\"80\"><\/td>\n<td width=\"65\">18:30 Uhr<br \/>\nBurg (Remise)<\/td>\n<td width=\"255\">Ursachen und Vorgeschichte<\/td>\n<\/tr>\n<tr>\n<td width=\"190\">Dienstag,<br \/>\n26. April<\/td>\n<td width=\"80\"><\/td>\n<td width=\"65\">18:30 Uhr<br \/>\nBurg (Remise)<\/td>\n<td width=\"255\">Verlauf der Franz\u00f6sischen Revolution<\/td>\n<\/tr>\n<tr>\n<td width=\"190\">Dienstag,<br \/>\n3. Mai<\/td>\n<td width=\"80\"><\/td>\n<td width=\"65\">18:30 Uhr<br \/>\nBurg (Remise)<\/td>\n<td width=\"255\">Auswirkungen der Revolution<\/td>\n<\/tr>\n<tr>\n<td colspan=\"4\"><strong>Mai<\/strong><\/td>\n<\/tr>\n<tr>\n<td width=\"190\">Samstag,<br \/>\n21. Mai<\/td>\n<td width=\"80\"><strong>Jour Fixe<\/strong><\/td>\n<td width=\"65\">11 Uhr<br \/>\nBurg (Kaminzimmer)<\/td>\n<td width=\"255\">Thema wird noch bekannt gegeben<\/td>\n<\/tr>\n<tr>\n<td colspan=\"4\"><strong>Juni<\/strong><\/td>\n<\/tr>\n<tr>\n<td colspan=\"4\">Termine werden noch bekannt gegeben<\/td>\n<\/tr>\n<tr>\n<td colspan=\"4\"><strong>Juli<\/strong><\/td>\n<\/tr>\n<tr>\n<td width=\"190\">Samstag,<br \/>\n2. Juli<\/td>\n<td width=\"80\"><strong>Exkursion<\/strong><\/td>\n<td width=\"65\">8:30 Uhr<br \/>\nab Rathaus<\/td>\n<td width=\"255\"><strong>Z\u00fclpich<br \/>\n<\/strong>Tagesfahrt nach Z\u00fclpich<strong><br \/>\n<\/strong><\/td>\n<\/tr>\n<tr>\n<td width=\"190\">Mittwoch,<br \/>\n13. Juli<\/td>\n<td width=\"80\"><strong>Vortrag<\/strong><\/td>\n<td width=\"65\">19 Uhr<br \/>\nRathaus<\/td>\n<td width=\"255\"><strong>&#8222;Franz Schubert. Romantischer Komponist im Zeitalter politischer Restauration?&#8220;<br \/>\n<\/strong>Vortrag von Joachim Peters<\/td>\n<\/tr>\n<tr>\n<td width=\"190\">Dienstag,<br \/>\n19. Juli\u00a0bis<br \/>\nDonnerstag,<br \/>\n21. Juli<\/td>\n<td width=\"80\"><strong>Exkursion<\/strong><\/td>\n<td width=\"65\">ab Rathaus<\/td>\n<td width=\"255\"><strong>Hessen Teil II<br \/>\nLimburg an der Lahn, Wetzlar, Weilburg<br \/>\n<\/strong>Leitung: Rudolf Bast<\/td>\n<\/tr>\n<tr>\n<td colspan=\"4\"><strong>August<\/strong><\/td>\n<\/tr>\n<tr>\n<td width=\"190\">Mittwoch,<br \/>\n31. August<\/td>\n<td width=\"80\"><strong>Festakt<\/strong><\/td>\n<td width=\"65\">19 Uhr<br \/>\nRathaus<\/td>\n<td width=\"255\"><strong>Verleihung des Ehrenvorsitzes an Rudolf Bast<\/strong><\/td>\n<\/tr>\n<tr>\n<td colspan=\"4\"><strong><br \/>\n<\/strong><\/td>\n<\/tr>\n<\/tbody>\n<\/table>\n<p>&nbsp;<\/p>\n","protected":false},"excerpt":{"rendered":"<p>Programm Fr\u00fchjahr\/Sommer 2016 \u00c4nderungen vorbehalten Januar Samstag, 16. Januar Jour Fixe 11 Uhr Die Alsdorfer Sch\u00fctzengilde 1909 bis 1989 Mittwoch, 27. Januar 2016 Vortrag 19 Uhr Rathaus Schlo\u00df Ottenfeld. Lichtbildvortrag von Dr. Franz Schneider Februar Mittwoch, 17. Februar Jahresversammlung 19 &#8211; 20 Uhr Lichtbildvortrag von Rudolf Bast und Reinhard Wirtz zur Hessenfahrt 2015 Samstag, 27. [&hellip;]<\/p>\n","protected":false},"author":1,"featured_media":114,"comment_status":"open","ping_status":"open","sticky":false,"template":"","format":"standard","meta":{"footnotes":""},"categories":[1],"tags":[],"class_list":["post-186","post","type-post","status-publish","format-standard","has-post-thumbnail","hentry","category-aktuelles","has_thumb"],"_links":{"self":[{"href":"https:\/\/www.alsdorfer-geschichtsverein.de\/blog\/index.php?rest_route=\/wp\/v2\/posts\/186","targetHints":{"allow":["GET"]}}],"collection":[{"href":"https:\/\/www.alsdorfer-geschichtsverein.de\/blog\/index.php?rest_route=\/wp\/v2\/posts"}],"about":[{"href":"https:\/\/www.alsdorfer-geschichtsverein.de\/blog\/index.php?rest_route=\/wp\/v2\/types\/post"}],"author":[{"embeddable":true,"href":"https:\/\/www.alsdorfer-geschichtsverein.de\/blog\/index.php?rest_route=\/wp\/v2\/users\/1"}],"replies":[{"embeddable":true,"href":"https:\/\/www.alsdorfer-geschichtsverein.de\/blog\/index.php?rest_route=%2Fwp%2Fv2%2Fcomments&post=186"}],"version-history":[{"count":11,"href":"https:\/\/www.alsdorfer-geschichtsverein.de\/blog\/index.php?rest_route=\/wp\/v2\/posts\/186\/revisions"}],"predecessor-version":[{"id":197,"href":"https:\/\/www.alsdorfer-geschichtsverein.de\/blog\/index.php?rest_route=\/wp\/v2\/posts\/186\/revisions\/197"}],"wp:featuredmedia":[{"embeddable":true,"href":"https:\/\/www.alsdorfer-geschichtsverein.de\/blog\/index.php?rest_route=\/wp\/v2\/media\/114"}],"wp:attachment":[{"href":"https:\/\/www.alsdorfer-geschichtsverein.de\/blog\/index.php?rest_route=%2Fwp%2Fv2%2Fmedia&parent=186"}],"wp:term":[{"taxonomy":"category","embeddable":true,"href":"https:\/\/www.alsdorfer-geschichtsverein.de\/blog\/index.php?rest_route=%2Fwp%2Fv2%2Fcategories&post=186"},{"taxonomy":"post_tag","embeddable":true,"href":"https:\/\/www.alsdorfer-geschichtsverein.de\/blog\/index.php?rest_route=%2Fwp%2Fv2%2Ftags&post=186"}],"curies":[{"name":"wp","href":"https:\/\/api.w.org\/{rel}","templated":true}]}}