{"id":269,"date":"2016-07-24T10:18:58","date_gmt":"2016-07-24T10:18:58","guid":{"rendered":"http:\/\/www.alsdorfer-geschichtsverein.de\/blog\/?p=269"},"modified":"2016-07-24T10:18:58","modified_gmt":"2016-07-24T10:18:58","slug":"presse-mahnmale-fuer-verfolgte-menschen","status":"publish","type":"post","link":"https:\/\/www.alsdorfer-geschichtsverein.de\/blog\/?p=269","title":{"rendered":"Presse: Mahnmale f\u00fcr verfolgte Menschen"},"content":{"rendered":"<p>Im Super Mittwoch vom 20.07.2016 w\u00fcrde \u00fcber uns berichtet.<\/p>\n<p><a href=\"https:\/\/www.alsdorfer-geschichtsverein.de\/blog\/wp-content\/uploads\/2016\/07\/mahnmale-fuer-verfolgte-menschen.jpg\"><img loading=\"lazy\" decoding=\"async\" class=\"alignnone size-thumbnail wp-image-270\" src=\"https:\/\/www.alsdorfer-geschichtsverein.de\/blog\/wp-content\/uploads\/2016\/07\/mahnmale-fuer-verfolgte-menschen-420x365.jpg\" alt=\"mahnmale-fuer-verfolgte-menschen\" width=\"420\" height=\"365\" srcset=\"https:\/\/www.alsdorfer-geschichtsverein.de\/blog\/wp-content\/uploads\/2016\/07\/mahnmale-fuer-verfolgte-menschen-420x365.jpg 420w, https:\/\/www.alsdorfer-geschichtsverein.de\/blog\/wp-content\/uploads\/2016\/07\/mahnmale-fuer-verfolgte-menschen-744x647.jpg 744w, https:\/\/www.alsdorfer-geschichtsverein.de\/blog\/wp-content\/uploads\/2016\/07\/mahnmale-fuer-verfolgte-menschen-1200x1044.jpg 1200w\" sizes=\"auto, (max-width: 420px) 100vw, 420px\" \/><\/a><\/p>\n<p>Mit einem Klick auf das Vorschaubild finden Sie eine lesbar gro\u00dfe Version.<\/p>\n<p>Die Verlegung der Stolpersteine erfolgte auf Initiative von Dr. Stephan Saffer (Arbeitskreis &#8222;Wider das Vergessen&#8220; des Alsdorfer Geschichtsvereins)<\/p>\n","protected":false},"excerpt":{"rendered":"<p>Im Super Mittwoch vom 20.07.2016 w\u00fcrde \u00fcber uns berichtet. Mit einem Klick auf das Vorschaubild finden Sie eine lesbar gro\u00dfe Version. Die Verlegung der Stolpersteine erfolgte auf Initiative von Dr. Stephan Saffer (Arbeitskreis &#8222;Wider das Vergessen&#8220; des Alsdorfer Geschichtsvereins)<\/p>\n","protected":false},"author":1,"featured_media":270,"comment_status":"open","ping_status":"open","sticky":false,"template":"","format":"standard","meta":{"footnotes":""},"categories":[2],"tags":[],"class_list":["post-269","post","type-post","status-publish","format-standard","has-post-thumbnail","hentry","category-presseberichte","has_thumb"],"_links":{"self":[{"href":"https:\/\/www.alsdorfer-geschichtsverein.de\/blog\/index.php?rest_route=\/wp\/v2\/posts\/269","targetHints":{"allow":["GET"]}}],"collection":[{"href":"https:\/\/www.alsdorfer-geschichtsverein.de\/blog\/index.php?rest_route=\/wp\/v2\/posts"}],"about":[{"href":"https:\/\/www.alsdorfer-geschichtsverein.de\/blog\/index.php?rest_route=\/wp\/v2\/types\/post"}],"author":[{"embeddable":true,"href":"https:\/\/www.alsdorfer-geschichtsverein.de\/blog\/index.php?rest_route=\/wp\/v2\/users\/1"}],"replies":[{"embeddable":true,"href":"https:\/\/www.alsdorfer-geschichtsverein.de\/blog\/index.php?rest_route=%2Fwp%2Fv2%2Fcomments&post=269"}],"version-history":[{"count":1,"href":"https:\/\/www.alsdorfer-geschichtsverein.de\/blog\/index.php?rest_route=\/wp\/v2\/posts\/269\/revisions"}],"predecessor-version":[{"id":271,"href":"https:\/\/www.alsdorfer-geschichtsverein.de\/blog\/index.php?rest_route=\/wp\/v2\/posts\/269\/revisions\/271"}],"wp:featuredmedia":[{"embeddable":true,"href":"https:\/\/www.alsdorfer-geschichtsverein.de\/blog\/index.php?rest_route=\/wp\/v2\/media\/270"}],"wp:attachment":[{"href":"https:\/\/www.alsdorfer-geschichtsverein.de\/blog\/index.php?rest_route=%2Fwp%2Fv2%2Fmedia&parent=269"}],"wp:term":[{"taxonomy":"category","embeddable":true,"href":"https:\/\/www.alsdorfer-geschichtsverein.de\/blog\/index.php?rest_route=%2Fwp%2Fv2%2Fcategories&post=269"},{"taxonomy":"post_tag","embeddable":true,"href":"https:\/\/www.alsdorfer-geschichtsverein.de\/blog\/index.php?rest_route=%2Fwp%2Fv2%2Ftags&post=269"}],"curies":[{"name":"wp","href":"https:\/\/api.w.org\/{rel}","templated":true}]}}