{"id":378,"date":"2017-09-24T09:41:32","date_gmt":"2017-09-24T09:41:32","guid":{"rendered":"http:\/\/www.alsdorfer-geschichtsverein.de\/blog\/?p=378"},"modified":"2017-09-24T09:42:25","modified_gmt":"2017-09-24T09:42:25","slug":"alsdorf-und-seine-zweite-wandlung","status":"publish","type":"post","link":"https:\/\/www.alsdorfer-geschichtsverein.de\/blog\/?p=378","title":{"rendered":"Alsdorf und seine zweite Wandlung"},"content":{"rendered":"<div id=\"attachment_379\" style=\"width: 430px\" class=\"wp-caption alignnone\"><a href=\"https:\/\/www.alsdorfer-geschichtsverein.de\/blog\/wp-content\/uploads\/2017\/09\/Bildvortrag-Alsdorf-und-seine-zweite-Wandlung.jpg\"><img loading=\"lazy\" decoding=\"async\" aria-describedby=\"caption-attachment-379\" class=\"size-thumbnail wp-image-379\" src=\"https:\/\/www.alsdorfer-geschichtsverein.de\/blog\/wp-content\/uploads\/2017\/09\/Bildvortrag-Alsdorf-und-seine-zweite-Wandlung-420x315.jpg\" alt=\"Alsdorf \u2013 und seine zweite Wandlung\" width=\"420\" height=\"315\" srcset=\"https:\/\/www.alsdorfer-geschichtsverein.de\/blog\/wp-content\/uploads\/2017\/09\/Bildvortrag-Alsdorf-und-seine-zweite-Wandlung-420x315.jpg 420w, https:\/\/www.alsdorfer-geschichtsverein.de\/blog\/wp-content\/uploads\/2017\/09\/Bildvortrag-Alsdorf-und-seine-zweite-Wandlung-744x558.jpg 744w, https:\/\/www.alsdorfer-geschichtsverein.de\/blog\/wp-content\/uploads\/2017\/09\/Bildvortrag-Alsdorf-und-seine-zweite-Wandlung-1200x900.jpg 1200w\" sizes=\"auto, (max-width: 420px) 100vw, 420px\" \/><\/a><p id=\"caption-attachment-379\" class=\"wp-caption-text\">Alsdorf und seine zweite Wandlung<br \/>Festvortrag von Reinhard Wirtz und unserem Ehrenvorsitzenden Rudolf Bast zum Europafest<\/p><\/div>\n<p><strong><br \/>\n&#8222;Der Wandel hier in Alsdorf kann als gelungen bezeichnet werden&#8220;<\/strong><\/p>\n<p>Beeindruckender Bildvortrag von Rudolf Bast und Reinhard Wirtz zum Europafest &#8211; Alsdorf 25 Jahre nach dem Ende des Bergbaus ins Visier genommen<\/p>\n<p>Von Joachim Peters<\/p>\n<p>&#8222;Der Wandel in Alsdorf nach dem Ende des Bergbaus ist gelungen. Alsdorf kann stolz auf sich sein!&#8220; Dieses Fazit zog unser Ehrenvorsitzender, Oberstudiendirektor a. D., Rudolf Bast, am Ende seines Vortrages zum Abschluss des diesj\u00e4hrigen Europafestes vor rund 70 Besuchern im Alsdorfer Rathaus, darunter B\u00fcrgermeister Alfred Sonders und Ehrenb\u00fcrger Hans Vorpeil. Wie das Europafest im Ganzen, so besch\u00e4ftigte sich auch der Vortrag von Rudolf Bast mit dem Thema &#8222;Alsdorf 25 Jahre nach dem Ende des Bergbaus&#8220;. Wie die gro\u00dfe Geschichte, so Bast, weise auch die Alsdorfer Geschichte ein &#8222;Altertum&#8220;, ein &#8222;Mittelalter&#8220; und eine &#8222;Neuzeit&#8220; auf. Das Altertum stehe f\u00fcr die agrarische und feudale Vergangenheit Alsdorfs, welche mit der Burg, den alten Geh\u00f6ften und der Herrschaft der Familie von Blanckart verbunden sei. Das &#8222;Mittelalter&#8220; sei demnach die Bergbau-Vergangenheit, beginnend mit dem Abt\u00e4ufen der Sch\u00e4chte in Mariadorf (schon Ende der 60-er Jahre stillgelegt) und Alsdorf (Anna) , das wiederum Ende 1992 zu Ende gegangen sei. Somit seien wir heute in der Neuzeit, die aber sinnvollerweise erhaltene und neu genutzte Relikte des &#8222;Mittelalters&#8220; sch\u00fctzten, erhielten und ausbauten. Bast nannte &#8211; und unterlegte es mit eindrucksvollen Bildern von Reinhard\u00a0 Wirtz auch aus der Luft &#8211; hier namentlich die drei Bergehalden Anna 1, Anna 2 und Noppenberg, die verschiedenen Siedlungen &#8211; einige von ihnen fr\u00fcher auch &#8222;Kolonien&#8220; genannt &#8211; und das Museum und den au\u00dferschulischen Lehr- und Lernort &#8222;Energeticon&#8220; auf dem fr\u00fcheren Areal der Zeche Anna.<\/p>\n<p><strong>Wirtschaft, Kultur und Geschichte profitierten<br \/>\n<\/strong><br \/>\nAls Beispiele f\u00fcr gelungenen Strukturwandel schon w\u00e4hrend und dann verst\u00e4rkt nach der Wende von 1992 zeigte Bast die verschiedenen Gewerbegebiete in Alsdorf, Schaufenberg und Hoengen und einzelne Firmenansiedlungen an. Nicht nur im engeren Bereich der Wirtschaft, auch in den Sektoren &#8222;Kultur&#8220; und &#8222;Geschichte&#8220; habe sich nach 1992 Bedeutsames getan. Hier wurden besonders erw\u00e4hnt der vor 20 Jahren er\u00f6ffnete Kino- und Gastronomiekomplex &#8222;Cinetower&#8220; am Rathaus, der Denkmalplatz mit Stadthalle und dem Kunstwerk &#8222;Dreiklang&#8220;, das (fast schon wieder r\u00e4umlich zu klein werdende &#8230;) Archiv des Alsdorfer Geschichtsvereins in der Burg, die neuen Unterk\u00fcnfte des Vereins Bergbaumuseum Anna 2 in der Herzogenrather Stra\u00dfe sowie das nagelneue Schulzentrum KUBIZ mit Gymnasium und Realschule im Anna-Park. Nicht nur sch\u00f6ne Bilder und Worte untermauerten den Befund von Rudolf Bast und Reinhard Wirtz, dass der Strukturwandel in Alsdorf gelungen sei. Auch &#8222;nackte&#8220; Zahlen sprechen daf\u00fcr. Fielen durch das Ende des Bergbaus 4.000 Arbeitspl\u00e4tze weg, so seien inzwischen in Alsdorf 6.000 neue Arbeitspl\u00e4tze hinzugekommen. Aufgefangen wurde das Ende der Kohlef\u00f6rderung in Alsdorf, auch daran wurde erinnert,\u00a0 damals durch den Wegzug von Bergleuten in andere Zechengebiete von Nordrhein-Westfalen, durch Wechsel von Arbeitskr\u00e4ften in den benachbarten Braunkohle-Tagebau, durch Umschulungen und nicht zuletzt durch Fr\u00fch-Pensionierungen.<\/p>\n<p>&nbsp;<\/p>\n<p><strong>Auch die Aachener Zeitung berichtete am 18.09.2017:<\/strong><\/p>\n<div id=\"attachment_380\" style=\"width: 430px\" class=\"wp-caption alignnone\"><a href=\"https:\/\/www.alsdorfer-geschichtsverein.de\/blog\/wp-content\/uploads\/2017\/09\/AZ-Es-macht-Spass-Alsdorfer-zu-sein.jpg\"><img loading=\"lazy\" decoding=\"async\" aria-describedby=\"caption-attachment-380\" class=\"size-thumbnail wp-image-380\" src=\"https:\/\/www.alsdorfer-geschichtsverein.de\/blog\/wp-content\/uploads\/2017\/09\/AZ-Es-macht-Spass-Alsdorfer-zu-sein-420x446.jpg\" alt=\"Aachener Zeitung: Es macht Spa\u00df, Alsdorfer zu sein\" width=\"420\" height=\"446\" srcset=\"https:\/\/www.alsdorfer-geschichtsverein.de\/blog\/wp-content\/uploads\/2017\/09\/AZ-Es-macht-Spass-Alsdorfer-zu-sein-420x446.jpg 420w, https:\/\/www.alsdorfer-geschichtsverein.de\/blog\/wp-content\/uploads\/2017\/09\/AZ-Es-macht-Spass-Alsdorfer-zu-sein-744x790.jpg 744w, https:\/\/www.alsdorfer-geschichtsverein.de\/blog\/wp-content\/uploads\/2017\/09\/AZ-Es-macht-Spass-Alsdorfer-zu-sein-1200x1275.jpg 1200w, https:\/\/www.alsdorfer-geschichtsverein.de\/blog\/wp-content\/uploads\/2017\/09\/AZ-Es-macht-Spass-Alsdorfer-zu-sein.jpg 1993w\" sizes=\"auto, (max-width: 420px) 100vw, 420px\" \/><\/a><p id=\"caption-attachment-380\" class=\"wp-caption-text\">Aachener Zeitung: Es macht Spa\u00df, Alsdorfer zu sein<\/p><\/div>\n","protected":false},"excerpt":{"rendered":"<p>&#8222;Der Wandel hier in Alsdorf kann als gelungen bezeichnet werden&#8220; Beeindruckender Bildvortrag von Rudolf Bast und Reinhard Wirtz zum Europafest &#8211; Alsdorf 25 Jahre nach dem Ende des Bergbaus ins Visier genommen Von Joachim Peters &#8222;Der Wandel in Alsdorf nach dem Ende des Bergbaus ist gelungen. Alsdorf kann stolz auf sich sein!&#8220; Dieses Fazit zog [&hellip;]<\/p>\n","protected":false},"author":1,"featured_media":379,"comment_status":"open","ping_status":"open","sticky":false,"template":"","format":"standard","meta":{"footnotes":""},"categories":[1,2],"tags":[],"class_list":["post-378","post","type-post","status-publish","format-standard","has-post-thumbnail","hentry","category-aktuelles","category-presseberichte","has_thumb"],"_links":{"self":[{"href":"https:\/\/www.alsdorfer-geschichtsverein.de\/blog\/index.php?rest_route=\/wp\/v2\/posts\/378","targetHints":{"allow":["GET"]}}],"collection":[{"href":"https:\/\/www.alsdorfer-geschichtsverein.de\/blog\/index.php?rest_route=\/wp\/v2\/posts"}],"about":[{"href":"https:\/\/www.alsdorfer-geschichtsverein.de\/blog\/index.php?rest_route=\/wp\/v2\/types\/post"}],"author":[{"embeddable":true,"href":"https:\/\/www.alsdorfer-geschichtsverein.de\/blog\/index.php?rest_route=\/wp\/v2\/users\/1"}],"replies":[{"embeddable":true,"href":"https:\/\/www.alsdorfer-geschichtsverein.de\/blog\/index.php?rest_route=%2Fwp%2Fv2%2Fcomments&post=378"}],"version-history":[{"count":3,"href":"https:\/\/www.alsdorfer-geschichtsverein.de\/blog\/index.php?rest_route=\/wp\/v2\/posts\/378\/revisions"}],"predecessor-version":[{"id":383,"href":"https:\/\/www.alsdorfer-geschichtsverein.de\/blog\/index.php?rest_route=\/wp\/v2\/posts\/378\/revisions\/383"}],"wp:featuredmedia":[{"embeddable":true,"href":"https:\/\/www.alsdorfer-geschichtsverein.de\/blog\/index.php?rest_route=\/wp\/v2\/media\/379"}],"wp:attachment":[{"href":"https:\/\/www.alsdorfer-geschichtsverein.de\/blog\/index.php?rest_route=%2Fwp%2Fv2%2Fmedia&parent=378"}],"wp:term":[{"taxonomy":"category","embeddable":true,"href":"https:\/\/www.alsdorfer-geschichtsverein.de\/blog\/index.php?rest_route=%2Fwp%2Fv2%2Fcategories&post=378"},{"taxonomy":"post_tag","embeddable":true,"href":"https:\/\/www.alsdorfer-geschichtsverein.de\/blog\/index.php?rest_route=%2Fwp%2Fv2%2Ftags&post=378"}],"curies":[{"name":"wp","href":"https:\/\/api.w.org\/{rel}","templated":true}]}}