{"id":403,"date":"2017-11-30T16:49:48","date_gmt":"2017-11-30T16:49:48","guid":{"rendered":"http:\/\/www.alsdorfer-geschichtsverein.de\/blog\/?p=403"},"modified":"2017-11-30T17:18:40","modified_gmt":"2017-11-30T17:18:40","slug":"programmpunkte-dezember-2017-und-januar-2018-jahreshauptversammlung","status":"publish","type":"post","link":"https:\/\/www.alsdorfer-geschichtsverein.de\/blog\/?p=403","title":{"rendered":"Dezember 2017, Januar 2018 und Jahreshauptvers."},"content":{"rendered":"<p>Alsdorf, den\u00a0 27.11.2017<\/p>\n<p><strong>Programmpunkte Dezember 2017 und Januar 2018, Einladung und Tagesordnung zur Jahresversammlung 2018<\/strong><\/p>\n<p>Sehr geehrte Damen und Herren, liebe Mitglieder,<\/p>\n<p>Den Hinweis auf die n\u00e4chsten Veranstaltungen verbinden wir mit der Einladung zu unserer Mitgliederversammlung\/Jahresversammlung 2018 und laden jetzt schon herzlich ein f\u00fcr <strong>Mittwoch, den 21. Februar 2018, 19.00h<\/strong> in den Sitzungssaal des Rathauses.<\/p>\n<p><strong>Tagesordnung<\/strong><\/p>\n<ol>\n<li>Verlesen und Genehmigung des Protokolls der Jahresversammlung 2017<\/li>\n<li>Berichte des Vorstands \u00fcber das abgelaufene Jahr 2017<\/li>\n<li>Kassenbericht des Schatzmeisters<\/li>\n<li>Bericht der Kassenpr\u00fcfer<\/li>\n<li>Wahl der Kassenpr\u00fcfer<\/li>\n<li>Vorschau auf die Termine des Jahres 2018<\/li>\n<li>Verschiedenes<\/li>\n<\/ol>\n<p>Wir hoffen auf ein zahlreiches Erscheinen!<\/p>\n<p>Franz-Josef M\u00fcller,\u00a0Dr. Stephan Saffer<\/p>\n<p><b>Programmpunkte Dezember 2017 und Januar 2018<\/b><\/p>\n<table style=\"border-collapse: collapse; border: none;\" border=\"1\" cellspacing=\"0\" cellpadding=\"0\">\n<tbody>\n<tr>\n<td style=\"width: 464.3pt; border: solid windowtext 1.0pt; padding: 0cm 5.4pt 0cm 5.4pt;\" colspan=\"4\" valign=\"top\" width=\"619\">\n<p style=\"margin-top: 3.0pt;\"><b><span style=\"font-size: 12.0pt; font-family: 'Trebuchet MS',sans-serif;\">Dezember 2017<\/span><\/b><\/p>\n<\/td>\n<\/tr>\n<tr>\n<td style=\"width: 111.75pt; border: solid windowtext 1.0pt; border-top: none; padding: 0cm 5.4pt 0cm 5.4pt;\" valign=\"top\" width=\"149\">\n<p style=\"margin-top: 6.0pt;\">So, 3. Dezember<\/p>\n<\/td>\n<td style=\"width: 2.0cm; border-top: none; border-left: none; border-bottom: solid windowtext 1.0pt; border-right: solid windowtext 1.0pt; padding: 0cm 5.4pt 0cm 5.4pt;\" valign=\"top\" width=\"76\">\n<p style=\"margin-top: 6.0pt;\">Gedenkveranstaltung<\/p>\n<\/td>\n<td style=\"width: 70.85pt; border-top: none; border-left: none; border-bottom: solid windowtext 1.0pt; border-right: solid windowtext 1.0pt; padding: 0cm 5.4pt 0cm 5.4pt;\" valign=\"top\" width=\"94\">\n<p style=\"margin-top: 6.0pt;\">Energeticon, F\u00f6rder-maschinenhaus<\/p>\n<p style=\"margin-top: 6.0pt;\">11.15h<\/p>\n<\/td>\n<td style=\"width: 225.0pt; border-top: none; border-left: none; border-bottom: solid windowtext 1.0pt; border-right: solid windowtext 1.0pt; padding: 0cm 5.4pt 0cm 5.4pt;\" valign=\"top\" width=\"300\">\n<p style=\"margin-top: 3.0pt;\"><b><span style=\"font-size: 11.0pt; font-family: 'Trebuchet MS',sans-serif;\">Erstes gro\u00dfes Grubenungl\u00fcck auf der<br \/>\nGrube Anna vom 29. November 1917 \u2013 <\/span><\/b><span style=\"font-size: 11.0pt; font-family: 'Trebuchet MS',sans-serif;\">Gemeinsame Gedenkveranstaltung des<br \/>\nAlsdorfer Geschichtsvereins, Verein Bergbaumuseum Grube Anna &amp;<br \/>\nEnergeticon <\/span><\/p>\n<\/td>\n<\/tr>\n<tr>\n<td style=\"width: 111.75pt; border: solid windowtext 1.0pt; border-top: none; padding: 0cm 5.4pt 0cm 5.4pt;\" valign=\"top\" width=\"149\">\n<p style=\"margin-top: 6.0pt;\">Sa, 2. Dezember<\/p>\n<p style=\"margin-top: 6.0pt;\">So, 3. Dezember<\/p>\n<p style=\"margin-top: 6.0pt;\">Sa 9. Dezember<\/p>\n<p style=\"margin-top: 6.0pt;\">So 10. Dezember<\/p>\n<\/td>\n<td style=\"width: 2.0cm; border-top: none; border-left: none; border-bottom: solid windowtext 1.0pt; border-right: solid windowtext 1.0pt; padding: 0cm 5.4pt 0cm 5.4pt;\" valign=\"top\" width=\"76\">\n<p style=\"margin-top: 6.0pt;\">Weih-nachts-markt<\/p>\n<\/td>\n<td style=\"width: 70.85pt; border-top: none; border-left: none; border-bottom: solid windowtext 1.0pt; border-right: solid windowtext 1.0pt; padding: 0cm 5.4pt 0cm 5.4pt;\" valign=\"top\" width=\"94\">\n<p style=\"margin-top: 6.0pt;\">Kaminzimmer der Alsdorfer Burg,<br \/>\njeweils 16- 18 Uhr<\/p>\n<\/td>\n<td style=\"width: 225.0pt; border-top: none; border-left: none; border-bottom: solid windowtext 1.0pt; border-right: solid windowtext 1.0pt; padding: 0cm 5.4pt 0cm 5.4pt;\" valign=\"top\" width=\"300\"><b><span style=\"font-size: 11.0pt; font-family: 'Trebuchet MS',sans-serif;\">Ausstellung\u00a0von Werken des Alsdorfer K\u00fcnstlers Bernd Honneff<\/span><\/b><\/p>\n<p style=\"margin-top: 3.0pt;\"><span style=\"font-size: 11.0pt; font-family: 'Trebuchet MS',sans-serif;\">Im Anschluss an den erfolgreichen Jour<br \/>\nFixe vom 21.10.2017 zum 30. Todestag von Bernd Honneff pr\u00e4sentieren Kaspar Honneff<br \/>\nund Eberhard Malecha eine umf\u00e4ngliche Ausstellung der Werke von Bernd Honneff<\/span><\/p>\n<\/td>\n<\/tr>\n<tr>\n<td style=\"width: 111.75pt; border: solid windowtext 1.0pt; border-top: none; padding: 0cm 5.4pt 0cm 5.4pt;\" valign=\"top\" width=\"149\">\n<p style=\"margin-top: 6.0pt;\">Sa, 16. Dezember<\/p>\n<\/td>\n<td style=\"width: 2.0cm; border-top: none; border-left: none; border-bottom: solid windowtext 1.0pt; border-right: solid windowtext 1.0pt; padding: 0cm 5.4pt 0cm 5.4pt;\" valign=\"top\" width=\"76\">\n<p style=\"margin-top: 6.0pt;\">Jour Fixe<\/p>\n<p style=\"margin-top: 6.0pt;\">\n<\/td>\n<td style=\"width: 70.85pt; border-top: none; border-left: none; border-bottom: solid windowtext 1.0pt; border-right: solid windowtext 1.0pt; padding: 0cm 5.4pt 0cm 5.4pt;\" valign=\"top\" width=\"94\">Kaminzimmer der Alsdorfer Burg11-12.30 Uhr<\/td>\n<td style=\"width: 225.0pt; border-top: none; border-left: none; border-bottom: solid windowtext 1.0pt; border-right: solid windowtext 1.0pt; padding: 0cm 5.4pt 0cm 5.4pt;\" valign=\"top\" width=\"300\"><b><span style=\"font-size: 11.0pt; font-family: 'Trebuchet MS',sans-serif;\">Weihnachtliche\u00a0Einstimmung mit Bernd Honneff<\/span><\/b><span style=\"font-size: 11.0pt; font-family: 'Trebuchet MS',sans-serif;\">Eberhard\u00a0Malecha und Kaspar Honneff pr\u00e4sentieren Tonbandaufnahmen (Dauer ca. 60\u00a0Minuten) des Alsdorfer K\u00fcnstlers und Zeitzeugen Bernd Honneff zum Thema Weihnachten<br \/>\n&#8211; in bestem und verst\u00e4ndlichem Alsdorfer Platt vorgetragen \u2013 dazu eine<br \/>\nPowerpoint-Pr\u00e4sentation von Werken Bernd Honneffs mit Alsdorfer Motiven und<br \/>\nalten Alsdorfer Photos. <\/span><span style=\"font-size: 11.0pt; font-family: 'Trebuchet MS',sans-serif;\">Ein Hochgenu\u00df vor Weihnachten!<\/span><\/td>\n<\/tr>\n<tr>\n<td style=\"width: 464.3pt; border: solid windowtext 1.0pt; border-top: none; padding: 0cm 5.4pt 0cm 5.4pt;\" colspan=\"4\" valign=\"top\" width=\"619\">\n<p style=\"margin-top: 3.0pt;\"><b><span style=\"font-size: 12.0pt; font-family: 'Trebuchet MS',sans-serif;\">Januar 2018<\/span><\/b><\/p>\n<\/td>\n<\/tr>\n<tr>\n<td style=\"width: 111.75pt; border: solid windowtext 1.0pt; border-top: none; padding: 0cm 5.4pt 0cm 5.4pt;\" valign=\"top\" width=\"149\">\n<p style=\"margin-top: 6.0pt;\">So, 14. Januar<\/p>\n<\/td>\n<td style=\"width: 2.0cm; border-top: none; border-left: none; border-bottom: solid windowtext 1.0pt; border-right: solid windowtext 1.0pt; padding: 0cm 5.4pt 0cm 5.4pt;\" valign=\"top\" width=\"76\">\n<p style=\"margin-top: 6.0pt;\">Exkursion<\/p>\n<\/td>\n<td style=\"width: 70.85pt; border-top: none; border-left: none; border-bottom: solid windowtext 1.0pt; border-right: solid windowtext 1.0pt; padding: 0cm 5.4pt 0cm 5.4pt;\" valign=\"top\" width=\"94\">\n<p style=\"margin-top: 6.0pt;\"><b>Rathaus, <\/b><\/p>\n<p style=\"margin-top: 6.0pt;\"><b>13.00 Uhr -19.00 Uhr<\/b><\/p>\n<\/td>\n<td style=\"width: 225.0pt; border-top: none; border-left: none; border-bottom: solid windowtext 1.0pt; border-right: solid windowtext 1.0pt; padding: 0cm 5.4pt 0cm 5.4pt;\" valign=\"top\" width=\"300\">\n<p style=\"margin-top: 3.0pt;\"><b><span style=\"font-size: 12.0pt; font-family: 'Trebuchet MS',sans-serif;\">Bestandsaufnahme Gurlitt <\/span><\/b><\/p>\n<p style=\"margin-top: 3.0pt;\"><b><span style=\"font-family: 'Trebuchet MS',sans-serif;\">Besuch\u00a0der Ausstellung \u201eBestandsaufnahme Gurlitt. Der NS-Kunstraub und die Folgen.\u201c <\/span><\/b><\/p>\n<p style=\"margin-top: 3.0pt;\"><b><span style=\"font-family: 'Trebuchet MS',sans-serif;\">Mit\u00a0F\u00fchrung (s.u.)<\/span><\/b><\/p>\n<\/td>\n<\/tr>\n<tr>\n<td style=\"width: 464.3pt; border: solid windowtext 1.0pt; border-top: none; padding: 0cm 5.4pt 0cm 5.4pt;\" colspan=\"4\" valign=\"top\" width=\"619\">\n<p style=\"margin-top: 3.0pt;\"><b><span style=\"font-size: 12.0pt; font-family: 'Trebuchet MS',sans-serif;\">Februar 2017<\/span><\/b><\/p>\n<\/td>\n<\/tr>\n<tr>\n<td style=\"width: 111.75pt; border: solid windowtext 1.0pt; border-top: none; padding: 0cm 5.4pt 0cm 5.4pt;\" valign=\"top\" width=\"149\">\n<p style=\"margin-top: 6.0pt;\">Mi, 21. Februar<\/p>\n<\/td>\n<td style=\"width: 2.0cm; border-top: none; border-left: none; border-bottom: solid windowtext 1.0pt; border-right: solid windowtext 1.0pt; padding: 0cm 5.4pt 0cm 5.4pt;\" valign=\"top\" width=\"76\">\n<p style=\"margin-top: 6.0pt;\">Jahresversammlung<\/p>\n<\/td>\n<td style=\"width: 70.85pt; border-top: none; border-left: none; border-bottom: solid windowtext 1.0pt; border-right: solid windowtext 1.0pt; padding: 0cm 5.4pt 0cm 5.4pt;\" valign=\"top\" width=\"94\">\n<p style=\"margin-top: 6.0pt;\">Rathaus,<\/p>\n<p style=\"margin-top: 6.0pt;\">19-20 Uhr<\/p>\n<\/td>\n<td style=\"width: 225.0pt; border-top: none; border-left: none; border-bottom: solid windowtext 1.0pt; border-right: solid windowtext 1.0pt; padding: 0cm 5.4pt 0cm 5.4pt;\" valign=\"top\" width=\"300\">\n<p style=\"margin-top: 3.0pt;\"><b><span style=\"font-size: 12.0pt; font-family: 'Trebuchet MS',sans-serif;\">Jahresversammlung mit Vorstellung des<br \/>\nJahresprogramms 2018<\/span><\/b><\/p>\n<\/td>\n<\/tr>\n<tr>\n<td style=\"width: 111.75pt; border: solid windowtext 1.0pt; border-top: none; padding: 0cm 5.4pt 0cm 5.4pt;\" valign=\"top\" width=\"149\">\n<p style=\"margin-top: 6.0pt;\">Mi, 21. Februar<\/p>\n<\/td>\n<td style=\"width: 2.0cm; border-top: none; border-left: none; border-bottom: solid windowtext 1.0pt; border-right: solid windowtext 1.0pt; padding: 0cm 5.4pt 0cm 5.4pt;\" valign=\"top\" width=\"76\">\n<p style=\"margin-top: 6.0pt;\">Vortrag<\/p>\n<\/td>\n<td style=\"width: 70.85pt; border-top: none; border-left: none; border-bottom: solid windowtext 1.0pt; border-right: solid windowtext 1.0pt; padding: 0cm 5.4pt 0cm 5.4pt;\" valign=\"top\" width=\"94\">\n<p style=\"margin-top: 6.0pt;\">Rathaus, 20 Uhr<\/p>\n<\/td>\n<td style=\"width: 225.0pt; border-top: none; border-left: none; border-bottom: solid windowtext 1.0pt; border-right: solid windowtext 1.0pt; padding: 0cm 5.4pt 0cm 5.4pt;\" valign=\"top\" width=\"300\">\n<p style=\"margin-top: 3.0pt;\"><b><span style=\"font-family: 'Trebuchet MS',sans-serif;\">Vortrag<br \/>\nN.N.<\/span><\/b><\/p>\n<\/td>\n<\/tr>\n<\/tbody>\n<\/table>\n<p><span style=\"text-decoration: underline;\"><span style=\"font-size: 14.0pt;\"><span style=\"text-decoration: none;\">\u00a0<\/span><\/span><\/span><\/p>\n<p style=\"margin-bottom: 18.75pt; line-height: 21.0pt; background: #BE1034; punctuation-wrap: hanging; text-autospace: ideograph-numeric ideograph-other;\"><span style=\"font-size: 18.0pt; font-family: 'Alright_Sans_Bold',serif; color: white; text-transform: uppercase;\">Bestandsaufnahme Gurlitt<br \/>\n<\/span><span style=\"font-size: 11.5pt; font-family: 'Alright Sans Alt'; color: white; text-transform: uppercase;\">Der NS-Kunstraub und die Folgen<br \/>\n<\/span><span style=\"font-size: 12.0pt; color: white;\">3. November 2017 bis 11. M\u00e4rz 2018<\/span><\/p>\n<p>Als im November 2013 bekannt wird, dass<br \/>\ndie bayrische Staatsanwaltschaft die Kunstbest\u00e4nde von Cornelius Gurlitt<br \/>\n(1932\u20132014) beschlagnahmt hat, ist das \u00f6ffentliche Aufsehen gro\u00df. Denn die 1500<br \/>\nKunstwerke, die der zur\u00fcckgezogen lebende Sohn des Kunsth\u00e4ndlers Hildebrand<br \/>\nGurlitt (1895\u20131956) von seinem Vater geerbt hatte, sind verd\u00e4chtig: Handelt es<br \/>\nsich um Raubkunst aus der Zeit der national-sozialistischen Gewaltherrschaft?<\/p>\n<p>Um diesem Verdacht nachzugehen, stellte<br \/>\nder deutsche Staat die f\u00fcr die Forschung n\u00f6tigen Mittel zur Verf\u00fcgung, w\u00e4hrend<br \/>\nsich Cornelius Gurlitt verpflichtete, als Raubkunst identifizierte Werke zu<br \/>\nrestituieren. So konnten bislang vier Werke an die Nachfahren der rechtm\u00e4\u00dfigen<br \/>\nBesitzer zur\u00fcckgegeben werden. Als seinen Erben hatte Gurlitt, der im Mai 2014<br \/>\nverstarb, das Kunstmuseum Bern bestimmt.<\/p>\n<p>Die Ausstellung zeichnet den Werdegang<br \/>\nHildebrand Gurlitts nach. Gurlitt, obwohl ein leidenschaftlicher Verfechter der<br \/>\nModerne, stieg er zu einem der wichtigsten Kunsth\u00e4ndler im<br \/>\nnationalsozialistischen Deutschland auf. Nach dem Krieg konnte er ungeachtet<br \/>\nder Schuld, die er auf sich geladen hatte, weitgehend problemlos an seine<br \/>\nVorkriegskarriere als Museumsdirektor ankn\u00fcpfen. Parallel zu Gurlitts Lebensweg<br \/>\nwerden exemplarische Biografien von Zeitgenossen vorgestellt. Ein besonderes<br \/>\nAugenmerk liegt dabei auf den Schicksalen der verfolgten, meist j\u00fcdischen<br \/>\nK\u00fcnstler, Sammler und Kunsth\u00e4ndler, die dem NS-System zum Opfer fielen.<\/p>\n<p>Die Ausstellung Bestandsaufnahme<br \/>\nGurlitt &#8211; Der NS-Kunstraub und die Folgen zeigt somit nicht nur eine<br \/>\nAuswahl an Kunstwerken, die \u2013 von D\u00fcrer bis Monet, von Breughel bis Beckmann \u2013<br \/>\nein breites Spektrum der Kunstgeschichte abbilden und jahrzehntelang dem Blick<br \/>\nder \u00d6ffentlichkeit entzogen waren. Indem die Herkunft jedes Kunstwerks<br \/>\nthematisiert wird, er\u00f6ffnet sie auch einen spannenden Blick in die Geschichte<br \/>\nder Objekte.<\/p>\n<p><strong>Exkursion nach Bonn (Bundeskunsthalle):<\/strong><br \/>\nBesuch der Gurlitt-Ausstellung:<\/p>\n<p>Ablauf: 13h Abfahrt ab Rathaus, 14.30h F\u00fchrung durch die<br \/>\nAusstellung Gurlitt; 16h Kaffeepause, 16.45h F\u00fchrung durch die Ausstellung<br \/>\nFerdinand Hodler, Maler der Moderne \u00a0oder Wetterbericht \u00dcber Wetterkultur und<br \/>\nKlimawissenschaft, R\u00fcckkehr 19 Uhr; Preis \u20ac 25,-<\/p>\n<p><strong>Anmeldungen bitte an: <\/strong><\/p>\n<p>Franz-Josef M\u00fcller, Ofdener<br \/>\nGracht 13, 52477 Alsdorf oder franz-josef.mueller@online.de<\/p>\n","protected":false},"excerpt":{"rendered":"<p>Alsdorf, den\u00a0 27.11.2017 Programmpunkte Dezember 2017 und Januar 2018, Einladung und Tagesordnung zur Jahresversammlung 2018 Sehr geehrte Damen und Herren, liebe Mitglieder, Den Hinweis auf die n\u00e4chsten Veranstaltungen verbinden wir mit der Einladung zu unserer Mitgliederversammlung\/Jahresversammlung 2018 und laden jetzt schon herzlich ein f\u00fcr Mittwoch, den 21. Februar 2018, 19.00h in den Sitzungssaal des Rathauses. [&hellip;]<\/p>\n","protected":false},"author":1,"featured_media":114,"comment_status":"open","ping_status":"open","sticky":false,"template":"","format":"standard","meta":{"footnotes":""},"categories":[1],"tags":[],"class_list":["post-403","post","type-post","status-publish","format-standard","has-post-thumbnail","hentry","category-aktuelles","has_thumb"],"_links":{"self":[{"href":"https:\/\/www.alsdorfer-geschichtsverein.de\/blog\/index.php?rest_route=\/wp\/v2\/posts\/403","targetHints":{"allow":["GET"]}}],"collection":[{"href":"https:\/\/www.alsdorfer-geschichtsverein.de\/blog\/index.php?rest_route=\/wp\/v2\/posts"}],"about":[{"href":"https:\/\/www.alsdorfer-geschichtsverein.de\/blog\/index.php?rest_route=\/wp\/v2\/types\/post"}],"author":[{"embeddable":true,"href":"https:\/\/www.alsdorfer-geschichtsverein.de\/blog\/index.php?rest_route=\/wp\/v2\/users\/1"}],"replies":[{"embeddable":true,"href":"https:\/\/www.alsdorfer-geschichtsverein.de\/blog\/index.php?rest_route=%2Fwp%2Fv2%2Fcomments&post=403"}],"version-history":[{"count":3,"href":"https:\/\/www.alsdorfer-geschichtsverein.de\/blog\/index.php?rest_route=\/wp\/v2\/posts\/403\/revisions"}],"predecessor-version":[{"id":406,"href":"https:\/\/www.alsdorfer-geschichtsverein.de\/blog\/index.php?rest_route=\/wp\/v2\/posts\/403\/revisions\/406"}],"wp:featuredmedia":[{"embeddable":true,"href":"https:\/\/www.alsdorfer-geschichtsverein.de\/blog\/index.php?rest_route=\/wp\/v2\/media\/114"}],"wp:attachment":[{"href":"https:\/\/www.alsdorfer-geschichtsverein.de\/blog\/index.php?rest_route=%2Fwp%2Fv2%2Fmedia&parent=403"}],"wp:term":[{"taxonomy":"category","embeddable":true,"href":"https:\/\/www.alsdorfer-geschichtsverein.de\/blog\/index.php?rest_route=%2Fwp%2Fv2%2Fcategories&post=403"},{"taxonomy":"post_tag","embeddable":true,"href":"https:\/\/www.alsdorfer-geschichtsverein.de\/blog\/index.php?rest_route=%2Fwp%2Fv2%2Ftags&post=403"}],"curies":[{"name":"wp","href":"https:\/\/api.w.org\/{rel}","templated":true}]}}