{"id":420,"date":"2018-09-10T09:51:52","date_gmt":"2018-09-10T09:51:52","guid":{"rendered":"http:\/\/www.alsdorfer-geschichtsverein.de\/blog\/?p=420"},"modified":"2018-09-22T17:09:58","modified_gmt":"2018-09-22T17:09:58","slug":"programm-2018","status":"publish","type":"post","link":"https:\/\/www.alsdorfer-geschichtsverein.de\/blog\/?p=420","title":{"rendered":"Aktualisiert: Programm 2018"},"content":{"rendered":"<p><strong><span style=\"text-decoration: underline;\">Programm 2018<\/span><\/strong><\/p>\n<p>\u00c4nderungen vorbehalten<\/p>\n<p>&nbsp;<\/p>\n<table>\n<tbody>\n<tr>\n<td colspan=\"4\" width=\"619\"><span style=\"color: #808080;\"><strong>April 2018<\/strong><\/span><\/td>\n<\/tr>\n<tr>\n<td width=\"149\"><span style=\"color: #808080;\">Sa, 21. April 2018<\/span><\/td>\n<td width=\"76\"><span style=\"color: #808080;\">Exkursion<\/span><\/td>\n<td width=\"104\"><span style=\"color: #808080;\"><strong>Rathaus, 8 Uhr (!)<\/strong><\/span><\/td>\n<td width=\"291\"><span style=\"color: #808080;\"><strong>Antwerpen &#8211; die Stadt Rubens<\/strong><strong><br \/>\n<\/strong><\/span><\/td>\n<\/tr>\n<tr>\n<td colspan=\"4\"><span style=\"color: #808080;\"><strong>Mai 2018<\/strong><\/span><\/td>\n<\/tr>\n<tr>\n<td width=\"149\"><span style=\"color: #808080;\">Mi, 23. Mai 2018<\/span><\/td>\n<td width=\"76\"><span style=\"color: #808080;\">\u00a0Vortrag<\/span><\/td>\n<td width=\"104\"><span style=\"color: #808080;\"><strong>Rathaus, 19 Uhr<\/strong><\/span><\/td>\n<td width=\"291\"><span style=\"color: #808080;\"><strong>&#8222;Schweigt stille, plaudert nicht.&#8220; Die &#8222;Kaffeekantate&#8220;<br \/>\n<\/strong>Musik- und kulturgeschichtlicher Vortrag von Joachim Peters<\/span><\/td>\n<\/tr>\n<tr>\n<td colspan=\"4\" width=\"619\"><span style=\"color: #808080;\"><strong>Juni 2018<\/strong><\/span><\/td>\n<\/tr>\n<tr>\n<td width=\"149\"><span style=\"color: #808080;\">Mi, 13. Juni 2018<\/span><\/td>\n<td width=\"76\"><span style=\"color: #808080;\">Vortrag<\/span><\/td>\n<td width=\"104\"><span style=\"color: #808080;\">Rathaus, 19 Uhr<\/span><\/td>\n<td width=\"291\"><span style=\"color: #808080;\"><strong>Der Conterganproze\u00df<\/strong><\/span><\/td>\n<\/tr>\n<tr>\n<td colspan=\"4\" width=\"619\"><span style=\"color: #808080;\"><strong>Juli 2018<\/strong><\/span><\/td>\n<\/tr>\n<tr>\n<td width=\"149\"><span style=\"color: #808080;\">Mo, 9. Juli<\/span><\/td>\n<td width=\"76\"><span style=\"color: #808080;\">Vortrag<\/span><\/td>\n<td width=\"104\"><span style=\"color: #808080;\">Rathaus, 19 Uhr<\/span><\/td>\n<td width=\"291\"><span style=\"color: #808080;\"><strong>1618 &#8211; 1648 &#8211; 2018: Der Drei\u00dfigj\u00e4hrige Krieg und der Westf\u00e4lische Frieden in aktueller Perspektive.<\/strong> Vortrag von Prof. Dr. Michael Rohrschneider, Abteilung f\u00fcr Geschichte der fr\u00fchen Neuzeit &amp; Rheinische Landesgeschichte, Universit\u00e4t Bonn<\/span><\/td>\n<\/tr>\n<tr>\n<td colspan=\"4\" width=\"619\"><span style=\"color: #808080;\"><strong>September 2018<\/strong><\/span><\/td>\n<\/tr>\n<tr>\n<td width=\"149\"><span style=\"color: #808080;\">Mo, 10. September 2018<\/span><\/td>\n<td width=\"76\"><span style=\"color: #808080;\"><strong>Festvortrag zum Europafest<\/strong><\/span><\/td>\n<td width=\"104\"><span style=\"color: #808080;\">Rathaus, 19 Uhr<\/span><\/td>\n<td width=\"291\"><span style=\"color: #808080;\"><strong>Armin Mei\u00dfner: Bonnie Prince Charles<\/strong><\/span><br \/>\n<span style=\"color: #808080;\"> Bekannt als Bonnie Prince Charles hat Charles Edward Stuart die schottischen Clanf\u00fchrer 1746 zum letzten bewaffneten Aufstand gegen die englische Zentralmacht gef\u00fchrt &#8211; er befreit Edinburgh und marschiert auf London&#8230;<\/span><br \/>\n<span style=\"color: #808080;\"> &#8211; Gemeinsam mit VHS Nordkreis Aachen &#8211;<\/span><\/td>\n<\/tr>\n<tr>\n<td colspan=\"4\" width=\"619\"><strong>Oktober 2018<\/strong><\/td>\n<\/tr>\n<tr>\n<td width=\"149\">Sa, 6. Oktober 2018<\/td>\n<td width=\"76\">Exkursion<\/td>\n<td width=\"104\">Rathaus, 9 Uhr<\/td>\n<td width=\"291\"><strong>\u00dcber die Grenze nach Belgien: Val Dieu und Schloss Reinhardstein<\/strong><br \/>\n<a title=\"Tagesausflug: Val Dieu &amp; Burg Reinhardstein\" href=\"https:\/\/www.alsdorfer-geschichtsverein.de\/blog\/?p=473\">&#8211;\u00a0siehe gesonderte Seite\u00a0&#8211;<\/a><\/td>\n<\/tr>\n<tr>\n<td width=\"149\">Mo, 8. Oktober 2018<\/td>\n<td width=\"76\">Vortrag<\/td>\n<td width=\"104\">Rathaus, 19 Uhr<\/td>\n<td width=\"291\"><strong>Charlemagne oder Karl der Gro\u00dfe &#8211; eine franz\u00f6sisch-deutsche Streitdebatte<br \/>\nVortrag von Prof. em. Dr. Max Kerner <\/strong><br \/>\n&#8211; Gemeinsam mit VHS Nordkreis Aachen &#8211;<\/td>\n<\/tr>\n<tr>\n<td colspan=\"4\" width=\"619\"><strong>November 2018<\/strong><\/td>\n<\/tr>\n<tr>\n<td width=\"149\">5\/6\/7\/8.\u00a0(?)\u00a0November 2018<\/td>\n<td width=\"76\">Vortrag<\/td>\n<td width=\"104\"><\/td>\n<td width=\"291\"><strong>Das Ende des Ersten Weltkriegs &#8211; Vortrag von Prof. Sparla<br \/>\n<\/strong><\/td>\n<\/tr>\n<tr>\n<td width=\"149\">Mi, 21. November 2018<\/td>\n<td width=\"76\">Vortrag<\/td>\n<td width=\"104\">Rathaus<\/td>\n<td width=\"291\"><strong>100 Jahre Aachener Kongress &#8211; Vortrag von Prof. Dr. Matthias Pape<br \/>\n<\/strong>&#8211; Gemeinsam mit VHS Nordkreis Aachen &#8211;<strong><br \/>\n<\/strong><\/td>\n<\/tr>\n<tr>\n<td><\/td>\n<td colspan=\"3\"><strong>Der Aachener Kongre\u00df 1818 \u2013\u00a0 Internationale und regionale Aspekte einer Gro\u00dfm\u00e4chtekonferenz<\/strong>Vom 30. September bis 21. November 1818 traten die Monarchen und Staatsm\u00e4nner, die zuvor auf dem Wiener Kongre\u00df die politische Neuordnung Europas festgelegt hatten, zu einer Nachfolgekonferenz in Aachen zusammen. Daran erinnern bis heute Aachener Stra\u00dfennamen, die nach den Monarchen benannt sind. Die Konferenz regelte die Beziehungen der Siegerm\u00e4chte zu Frankreich, das seit der Schlacht von Waterloo 1815 besetzt gehalten wurde und dem das linksrheinische Deutschland bis 1814 angeh\u00f6rt hatte. Der preu\u00dfische K\u00f6nig pr\u00e4sentierte sich in Aachen, im \u00e4u\u00dfersten Westen seiner neuen Rheinprovinz, nachdem deren \u00dcbergang an Preu\u00dfen im rheinischen B\u00fcrgertum auf ein geteiltes Echo gesto\u00dfen war.Professor Dr. Matthias Pape lehrt neuere Geschichte an der RWTH. Er ist f\u00fcr die internationalen Beziehungen um 1800 und die Aachener Regionalgeschichte durch zahlreiche Publikationen ausgewiesen, darunter das Buch \u201eUmbr\u00fcche. Die Region Aachen vom Roer-D\u00e9partement zur St\u00e4dteregion 1800-2009\u201c.<\/td>\n<\/tr>\n<\/tbody>\n<\/table>\n<p>&nbsp;<\/p>\n<hr \/>\n<h2>Wichtiger Hinweis:<\/h2>\n<p><strong>Neu! Regelm\u00e4\u00dfige \u00d6ffnungsstunden unseres Archivs:<br \/>\n1. und 3. Donnerstag im Monat 16-18 Uhr<br \/>\nKaminzimmer der Alsdorfer Burg<br \/>\n<\/strong><\/p>\n<hr \/>\n<p><strong>Empfehlung:<\/strong> Geschichte verstehen &#8211; Zukunft gestalten (VHS Nordkreis Aachen und Geschichtsverein Baesweiler)<\/p>\n<table>\n<tbody>\n<tr>\n<td width=\"149\">Empfehlung 1:Fr, 20. April 2018<\/td>\n<td width=\"76\">Lesung und Diskussion<\/td>\n<td width=\"104\"><strong>Regenbogenschule, Leonhardstr. 21, Herzogenrath, 19 Uhr<\/strong><\/td>\n<td width=\"291\"><strong>Mo und die Arier. Lesung und Diskussion mit Mo Asumang.<\/strong> Der gesamte Abend wird geplant, organisiert, durchgef\u00fchrt und moderiert von <strong>Sch\u00fclerinnen und Sch\u00fclern des Alsdorfer Gymnasiums.<\/strong><\/td>\n<\/tr>\n<tr>\n<td width=\"149\">Empfehlung 2 &amp; 3:Fr, 8. Juni 2018<\/td>\n<td rowspan=\"2\" width=\"76\"><\/td>\n<td rowspan=\"2\" width=\"104\"><strong>Jeweils Gustav-Heinemann-Gesamtschule, Am Kl\u00f6tt 1, <strong>Alsdorf<\/strong><\/strong><\/td>\n<td width=\"291\"><strong>Emp\u00f6rung reicht nicht. Unser Staat hat versagt.<\/strong> Jetzt sind wir dran. Mein Pl\u00e4doyer im NSU-Proze\u00df. Lesung von Mehmet Daimag\u00fcller<\/td>\n<\/tr>\n<tr>\n<td width=\"149\">Sa, 9. Juni 2018<\/td>\n<td width=\"291\"><strong>Die Rolle von Jugendlichen u. Studierenden im und f\u00fcr den Nationalsozialismus.<\/strong> Vortrag von Nicole Kresken, Universit\u00e4t K\u00f6ln.<\/td>\n<\/tr>\n<\/tbody>\n<\/table>\n","protected":false},"excerpt":{"rendered":"<p>Programm 2018 \u00c4nderungen vorbehalten &nbsp; April 2018 Sa, 21. April 2018 Exkursion Rathaus, 8 Uhr (!) Antwerpen &#8211; die Stadt Rubens Mai 2018 Mi, 23. Mai 2018 \u00a0Vortrag Rathaus, 19 Uhr &#8222;Schweigt stille, plaudert nicht.&#8220; Die &#8222;Kaffeekantate&#8220; Musik- und kulturgeschichtlicher Vortrag von Joachim Peters Juni 2018 Mi, 13. Juni 2018 Vortrag Rathaus, 19 Uhr Der [&hellip;]<\/p>\n","protected":false},"author":1,"featured_media":114,"comment_status":"closed","ping_status":"open","sticky":false,"template":"","format":"standard","meta":{"footnotes":""},"categories":[1],"tags":[],"class_list":["post-420","post","type-post","status-publish","format-standard","has-post-thumbnail","hentry","category-aktuelles","has_thumb"],"_links":{"self":[{"href":"https:\/\/www.alsdorfer-geschichtsverein.de\/blog\/index.php?rest_route=\/wp\/v2\/posts\/420","targetHints":{"allow":["GET"]}}],"collection":[{"href":"https:\/\/www.alsdorfer-geschichtsverein.de\/blog\/index.php?rest_route=\/wp\/v2\/posts"}],"about":[{"href":"https:\/\/www.alsdorfer-geschichtsverein.de\/blog\/index.php?rest_route=\/wp\/v2\/types\/post"}],"author":[{"embeddable":true,"href":"https:\/\/www.alsdorfer-geschichtsverein.de\/blog\/index.php?rest_route=\/wp\/v2\/users\/1"}],"replies":[{"embeddable":true,"href":"https:\/\/www.alsdorfer-geschichtsverein.de\/blog\/index.php?rest_route=%2Fwp%2Fv2%2Fcomments&post=420"}],"version-history":[{"count":13,"href":"https:\/\/www.alsdorfer-geschichtsverein.de\/blog\/index.php?rest_route=\/wp\/v2\/posts\/420\/revisions"}],"predecessor-version":[{"id":480,"href":"https:\/\/www.alsdorfer-geschichtsverein.de\/blog\/index.php?rest_route=\/wp\/v2\/posts\/420\/revisions\/480"}],"wp:featuredmedia":[{"embeddable":true,"href":"https:\/\/www.alsdorfer-geschichtsverein.de\/blog\/index.php?rest_route=\/wp\/v2\/media\/114"}],"wp:attachment":[{"href":"https:\/\/www.alsdorfer-geschichtsverein.de\/blog\/index.php?rest_route=%2Fwp%2Fv2%2Fmedia&parent=420"}],"wp:term":[{"taxonomy":"category","embeddable":true,"href":"https:\/\/www.alsdorfer-geschichtsverein.de\/blog\/index.php?rest_route=%2Fwp%2Fv2%2Fcategories&post=420"},{"taxonomy":"post_tag","embeddable":true,"href":"https:\/\/www.alsdorfer-geschichtsverein.de\/blog\/index.php?rest_route=%2Fwp%2Fv2%2Ftags&post=420"}],"curies":[{"name":"wp","href":"https:\/\/api.w.org\/{rel}","templated":true}]}}