{"id":558,"date":"2019-10-06T08:29:38","date_gmt":"2019-10-06T08:29:38","guid":{"rendered":"http:\/\/www.alsdorfer-geschichtsverein.de\/blog\/?p=558"},"modified":"2019-10-06T08:29:38","modified_gmt":"2019-10-06T08:29:38","slug":"geschichtsverein-will-die-mundart-wieder-zu-neuem-leben-erwecken","status":"publish","type":"post","link":"https:\/\/www.alsdorfer-geschichtsverein.de\/blog\/?p=558","title":{"rendered":"Geschichtsverein will die Mundart wieder zu neuem Leben erwecken"},"content":{"rendered":"<p><strong>Gelungener Nachmittag in Zusammenarbeit mit der Senioren-Union Alsdorf\u00a0<\/strong><\/p>\n<p>Der Alsdorfer Geschichtsverein geht mit einigen seiner\u00a0Veranstaltungen auch nach &#8222;drau\u00dfen&#8220;, hinein in die Gesellschaft. So jetzt mit einem Nachmittag zum Thema &#8222;Mundart&#8220; &#8211; als Gast bei der Senioren-Union der CDU in Alsdorf in der Begauer Siedlerklause. Die Veranstaltung war sehr\u00a0gut besucht &#8211; und beleuchtete das Thema &#8222;Mundart&#8220; aus verschiedenen Richtungen.<\/p>\n<p>Der erste Angang &#8211; nach Begr\u00fc\u00dfungen durch Peter B\u00fcttgen (Vorsitzender der Senioren-Union Alsdorf) und Franz-Josef M\u00fcller (Vorsitzender des Alsdorfer Geschichtsvereins) &#8211; war ein wissenschaftlicher. Er wurde geleistet von <strong>Dr. Georg Cornelissen<\/strong>, Sprachwissenschaftler beim Landschaftsverband Rheinland. &#8222;Sind Dialektsprecher d\u00fcmmer?&#8220; hie\u00df der provokante Titel des Vortrages, doch die Frage lie\u00df sich nach den profunden Darlegungen von Dr. Cornelissen guten Gewissens verneinen. Denn Dialektsprecher beherrschen\u00a0neben dem Hochdeutschen, dem Englischen und m\u00f6glichen anderen Idiomen mit dem &#8222;Platt&#8220; eine weitere Sprache, die \u00fcber einen eigenen speziellen Wortschatz und eine eigene Grammatik verf\u00fcgt.<\/p>\n<p>Das Vorurteil, Dialektsprecher seien weniger gebildet, sei inzwischen einer neuen Hochachtung f\u00fcr die &#8222;Moddersproch&#8220; gewichen. Sprachd\u00fcnkel sei weitgehend abgebaut, aber es g\u00e4be noch eine oft beobachtete Sprachscham jener, welche die Mundart beherrschten, sie aber &#8222;versteckten&#8220;, weil damit der Geruch von &#8222;Unbildung&#8220; bef\u00fcrchtet werde. Dr. Cornelissen verschwieg aber auch ein Problem nicht: Kinder, die bis zu ihrer Einschulung nur &#8222;Platt&#8220; im Elternhaus gelernt h\u00e4tten, k\u00f6nnten in der Schule Schwierigkeiten mit dem richtigen Gebrauch von Artikeln bekommen. Denn diese seien manchmal bei der &#8222;Moddersproch&#8220; und im Hochdeutschen nicht kongruent. Also: im Kinderalter beides lernen! &#8222;Moddersproch&#8220; und hochdeutsch.<\/p>\n<div id=\"attachment_559\" style=\"width: 615px\" class=\"wp-caption alignnone\"><a href=\"https:\/\/www.alsdorfer-geschichtsverein.de\/blog\/wp-content\/uploads\/2019\/10\/mundart-1.png\"><img loading=\"lazy\" decoding=\"async\" aria-describedby=\"caption-attachment-559\" class=\"size-full wp-image-559\" src=\"https:\/\/www.alsdorfer-geschichtsverein.de\/blog\/wp-content\/uploads\/2019\/10\/mundart-1.png\" alt=\"\u201eDialektsprecher\u201c und \u201eDialektforscher\u201c: Reiner Spiertz, Moderator und Initiator der Veranstaltung, im Dialog mit Professor Cornelissen\" width=\"605\" height=\"283\" srcset=\"https:\/\/www.alsdorfer-geschichtsverein.de\/blog\/wp-content\/uploads\/2019\/10\/mundart-1.png 605w, https:\/\/www.alsdorfer-geschichtsverein.de\/blog\/wp-content\/uploads\/2019\/10\/mundart-1-420x196.png 420w\" sizes=\"auto, (max-width: 605px) 100vw, 605px\" \/><\/a><p id=\"caption-attachment-559\" class=\"wp-caption-text\">\u201eDialektsprecher\u201c und \u201eDialektforscher\u201c: Reiner Spiertz, Moderator und Initiator der Veranstaltung, im Dialog mit Professor Cornelissen<\/p><\/div>\n<p>Nicht nur <strong>Rudolf Bast<\/strong>, jetzt Ehrenvorsitzender und vor 39 Jahren Gr\u00fcndungsvorsitzender des Alsdorfer Geschichtsvereins, verbindet mit der Veranstaltung die Hoffnung, die 1980 gegr\u00fcndete und vor wenigen Jahren &#8222;eingeschlafene&#8220; Mundartgruppe des Alsdorfer Geschichtsvereins wieder zu beleben. Er nannte als Namen der ersten Stunde die inzwischen Verstorbenen Hans Gohr, Hein K\u00fcsters, Maria Esten und Martha Beck. Von Bernd Honneff, Reiner Spiertz (Wardener Mundart) und Professor Hermann Engels (Schaufenberger Mundart) stammten neuere Publikationen \u00fcber die Vielfalt Alsdorfer Mundarten.<\/p>\n<p><a href=\"https:\/\/www.alsdorfer-geschichtsverein.de\/blog\/wp-content\/uploads\/2019\/10\/mundart-2.png\"><img loading=\"lazy\" decoding=\"async\" class=\"alignnone size-full wp-image-561\" src=\"https:\/\/www.alsdorfer-geschichtsverein.de\/blog\/wp-content\/uploads\/2019\/10\/mundart-2.png\" alt=\"mundart-2\" width=\"520\" height=\"260\" srcset=\"https:\/\/www.alsdorfer-geschichtsverein.de\/blog\/wp-content\/uploads\/2019\/10\/mundart-2.png 520w, https:\/\/www.alsdorfer-geschichtsverein.de\/blog\/wp-content\/uploads\/2019\/10\/mundart-2-420x210.png 420w\" sizes=\"auto, (max-width: 520px) 100vw, 520px\" \/><\/a><\/p>\n<p>Nach den wissenschaftlichen und geschichtlichen Ausf\u00fchrungen zur Mundart folgten dann Kostproben derselbigen. Den Reigen er\u00f6ffnete Rudolf Bast mit dem Gedicht \u201eDe Zoppekomp\u201c. Im Beisein dessen\u00a0Sohnes Kaspar Honneff spielte Geschichtsvereins-Archivar Eberhard Malecha, der einen kurzen Vortrag \u00fcber die Arbeit des Archivs gehalten hatte, auf Tontr\u00e4ger mundartliche Betrachtungen des Alsdorfer K\u00fcnstlers <strong>Bernd Honneff <\/strong>(1909-1987) \u00fcber seine Kindheit in Kellersberg &#8211; konkret: im Kriegsjahr 1917 &#8211; ein.<\/p>\n<p>Schlie\u00dflich steuerte auch Geschichtsvereins-Mitglied <strong>Dr. Franz Schneider<\/strong>, aufgewachsen mit der Mundart seiner Mutter und dem Tonfall seines Vaters aus \u00d6sterreich sowie ein Gro\u00dfneffe des Alsdorfer Mundartforschers Gottfried Nie\u00dfen, einige Gedichte in Alsdorfer &#8222;Moddersproch&#8220; bei.. <strong>Reiner Spiertz<\/strong>, seines Zeichens auch Gesch\u00e4ftsf\u00fchrer der Senioren-Union Alsdorf, rezitierte abschlie\u00dfend eigene Wardener Gedichte und lie\u00df Hoengener (Michel B\u00fcttgen) und Mariadorfer (Toni Andr\u00e9) Mundart lebendig werden.<\/p>\n<p>Fazit: ein gelungener Nachmittag, der die Hoffnung auf die Wiederbelebung der &#8222;Moddersproch&#8220; in Alsdorf weckt!<\/p>\n<div id=\"attachment_562\" style=\"width: 380px\" class=\"wp-caption alignnone\"><a href=\"https:\/\/www.alsdorfer-geschichtsverein.de\/blog\/wp-content\/uploads\/2019\/10\/mundart-3.png\"><img loading=\"lazy\" decoding=\"async\" aria-describedby=\"caption-attachment-562\" class=\"size-full wp-image-562\" src=\"https:\/\/www.alsdorfer-geschichtsverein.de\/blog\/wp-content\/uploads\/2019\/10\/mundart-3.png\" alt=\"(Text: jope \/ Bilder: F.-J. M\u00fcller) \" width=\"370\" height=\"494\" \/><\/a><p id=\"caption-attachment-562\" class=\"wp-caption-text\">(Text: jope \/ Bilder: F.-J. M\u00fcller)<\/p><\/div>\n<div id=\"attachment_563\" style=\"width: 430px\" class=\"wp-caption alignnone\"><a href=\"https:\/\/www.alsdorfer-geschichtsverein.de\/blog\/wp-content\/uploads\/2019\/10\/mundart-4.png\"><img loading=\"lazy\" decoding=\"async\" aria-describedby=\"caption-attachment-563\" class=\"size-thumbnail wp-image-563\" src=\"https:\/\/www.alsdorfer-geschichtsverein.de\/blog\/wp-content\/uploads\/2019\/10\/mundart-4-420x315.png\" alt=\"Reiner Spiertz, Dr. Franz Schneider mit \u201eTitschop\u201c und Rudolf Bast\" width=\"420\" height=\"315\" srcset=\"https:\/\/www.alsdorfer-geschichtsverein.de\/blog\/wp-content\/uploads\/2019\/10\/mundart-4-420x315.png 420w, https:\/\/www.alsdorfer-geschichtsverein.de\/blog\/wp-content\/uploads\/2019\/10\/mundart-4-744x558.png 744w, https:\/\/www.alsdorfer-geschichtsverein.de\/blog\/wp-content\/uploads\/2019\/10\/mundart-4-1200x900.png 1200w, https:\/\/www.alsdorfer-geschichtsverein.de\/blog\/wp-content\/uploads\/2019\/10\/mundart-4.png 1386w\" sizes=\"auto, (max-width: 420px) 100vw, 420px\" \/><\/a><p id=\"caption-attachment-563\" class=\"wp-caption-text\">Reiner Spiertz, Dr. Franz Schneider mit \u201eTitschop\u201c und Rudolf Bast<\/p><\/div>\n<p>Der Klappzylinder, in Alsdorfer Mundart \u201eTitschop\u201c, war dem Vortrag des Gedichtes von Karl Kempchen \u201eD\u2019r aue Titschop\u201c durch Dr. Franz Schneider geschuldet:<\/p>\n<p><a href=\"https:\/\/www.alsdorfer-geschichtsverein.de\/blog\/wp-content\/uploads\/2019\/10\/mundart-5.png\"><img loading=\"lazy\" decoding=\"async\" class=\"alignnone size-thumbnail wp-image-564\" src=\"https:\/\/www.alsdorfer-geschichtsverein.de\/blog\/wp-content\/uploads\/2019\/10\/mundart-5-420x560.png\" alt=\"mundart-5\" width=\"420\" height=\"560\" srcset=\"https:\/\/www.alsdorfer-geschichtsverein.de\/blog\/wp-content\/uploads\/2019\/10\/mundart-5-420x560.png 420w, https:\/\/www.alsdorfer-geschichtsverein.de\/blog\/wp-content\/uploads\/2019\/10\/mundart-5-744x992.png 744w, https:\/\/www.alsdorfer-geschichtsverein.de\/blog\/wp-content\/uploads\/2019\/10\/mundart-5-1200x1600.png 1200w, https:\/\/www.alsdorfer-geschichtsverein.de\/blog\/wp-content\/uploads\/2019\/10\/mundart-5.png 1230w\" sizes=\"auto, (max-width: 420px) 100vw, 420px\" \/><\/a><\/p>\n<p><strong>Ver\u00f6ffentlichungen der Mundartgruppe des Alsdorfer Geschichtsvereins:<\/strong><\/p>\n<ul>\n<li><b><strong>Eigene Ausgaben<\/strong><\/b><\/li>\n<\/ul>\n<p>&nbsp;<\/p>\n<p>W\u00f6et un Verz\u00e4llcher op Alsd\u00f6rper Platt, Alsdorfer Geschichtsverein 1985, 62 S. (eine Sammlung von \u201eVokabeln\u201c, Reimen, Gedichten und Geschichten in Alsdorfer Platt)<\/p>\n<ul>\n<li><b><strong>Texte in den Jahresbl\u00e4ttern des Alsdorfer Geschichtsvereins<\/strong><\/b><\/li>\n<\/ul>\n<p>&nbsp;<\/p>\n<p>Hubert Maqua: Alsdorfer Platt als Teil der Mundarten des Aachener Landes, Jahresbl\u00e4tter 1982, S. 51-62<\/p>\n<p>Hein K\u00fcsters: Mundart f\u00fcr Anf\u00e4nger, Jahresbl\u00e4tter 1982, S. 63 \u2013 65<\/p>\n<p>Einige W\u00f6rter der Alsdorfer Mundart, die ihren Ursprung in der franz\u00f6sischen Sprache haben, Jahresbl\u00e4tter 1985, S. 60-63<\/p>\n<p>Alsdorfer Platt von A bis Z (Alsd\u00f6rper Paltt va A be\u00df Z (Vokabeln und Redewendungen nach Themen sortiert), Jahresbl\u00e4tter des Alsdorfer Geschichtsvereins 2013\/2014, S. 165 bis 215)<\/p>\n<p>&nbsp;<\/p>\n<p><strong>Weitere Titel zur Alsdorfer Mundart<\/strong><\/p>\n<p>Hermann Engels:<\/p>\n<p>Vokabular des Alsdorf-Schaufenberger Dialekts, Versuch einer Bestandsaufnahme, Alsdorf 2012<\/p>\n<p>Weitere Titel unter Findbuch Alsdorfer Geschichtsverein unter \u201eMundart\u201c<\/p>\n","protected":false},"excerpt":{"rendered":"<p>Gelungener Nachmittag in Zusammenarbeit mit der Senioren-Union Alsdorf\u00a0 Der Alsdorfer Geschichtsverein geht mit einigen seiner\u00a0Veranstaltungen auch nach &#8222;drau\u00dfen&#8220;, hinein in die Gesellschaft. So jetzt mit einem Nachmittag zum Thema &#8222;Mundart&#8220; &#8211; als Gast bei der Senioren-Union der CDU in Alsdorf in der Begauer Siedlerklause. Die Veranstaltung war sehr\u00a0gut besucht &#8211; und beleuchtete das Thema &#8222;Mundart&#8220; [&hellip;]<\/p>\n","protected":false},"author":1,"featured_media":564,"comment_status":"closed","ping_status":"open","sticky":false,"template":"","format":"standard","meta":{"footnotes":""},"categories":[1],"tags":[],"class_list":["post-558","post","type-post","status-publish","format-standard","has-post-thumbnail","hentry","category-aktuelles","has_thumb"],"_links":{"self":[{"href":"https:\/\/www.alsdorfer-geschichtsverein.de\/blog\/index.php?rest_route=\/wp\/v2\/posts\/558","targetHints":{"allow":["GET"]}}],"collection":[{"href":"https:\/\/www.alsdorfer-geschichtsverein.de\/blog\/index.php?rest_route=\/wp\/v2\/posts"}],"about":[{"href":"https:\/\/www.alsdorfer-geschichtsverein.de\/blog\/index.php?rest_route=\/wp\/v2\/types\/post"}],"author":[{"embeddable":true,"href":"https:\/\/www.alsdorfer-geschichtsverein.de\/blog\/index.php?rest_route=\/wp\/v2\/users\/1"}],"replies":[{"embeddable":true,"href":"https:\/\/www.alsdorfer-geschichtsverein.de\/blog\/index.php?rest_route=%2Fwp%2Fv2%2Fcomments&post=558"}],"version-history":[{"count":2,"href":"https:\/\/www.alsdorfer-geschichtsverein.de\/blog\/index.php?rest_route=\/wp\/v2\/posts\/558\/revisions"}],"predecessor-version":[{"id":565,"href":"https:\/\/www.alsdorfer-geschichtsverein.de\/blog\/index.php?rest_route=\/wp\/v2\/posts\/558\/revisions\/565"}],"wp:featuredmedia":[{"embeddable":true,"href":"https:\/\/www.alsdorfer-geschichtsverein.de\/blog\/index.php?rest_route=\/wp\/v2\/media\/564"}],"wp:attachment":[{"href":"https:\/\/www.alsdorfer-geschichtsverein.de\/blog\/index.php?rest_route=%2Fwp%2Fv2%2Fmedia&parent=558"}],"wp:term":[{"taxonomy":"category","embeddable":true,"href":"https:\/\/www.alsdorfer-geschichtsverein.de\/blog\/index.php?rest_route=%2Fwp%2Fv2%2Fcategories&post=558"},{"taxonomy":"post_tag","embeddable":true,"href":"https:\/\/www.alsdorfer-geschichtsverein.de\/blog\/index.php?rest_route=%2Fwp%2Fv2%2Ftags&post=558"}],"curies":[{"name":"wp","href":"https:\/\/api.w.org\/{rel}","templated":true}]}}