{"id":582,"date":"2020-04-18T09:27:33","date_gmt":"2020-04-18T09:27:33","guid":{"rendered":"http:\/\/www.alsdorfer-geschichtsverein.de\/blog\/?p=582"},"modified":"2020-04-18T09:31:04","modified_gmt":"2020-04-18T09:31:04","slug":"jahreshauptversammlung-2020-und-programm","status":"publish","type":"post","link":"https:\/\/www.alsdorfer-geschichtsverein.de\/blog\/?p=582","title":{"rendered":"Jahreshauptversammlung 2020 und Programm"},"content":{"rendered":"<p>Sehr geehrte Damen und Herren, liebe Mitglieder,<\/p>\n<p class=\"Standard\"><span class=\"T7\">zu unserer Mitgliederversammlung\/Jahresversammlung 2020 laden wir herzlich ein f\u00fcr<\/span><\/p>\n<p class=\"P28\"><span class=\"T8\">Mittwoch, den 27. Mai 2020, 19.00h<\/span><\/p>\n<p class=\"Standard\"><span class=\"T7\">im Castorhaus.<\/span><\/p>\n<p class=\"P10\">Tagesordnung<\/p>\n<ol>\n<li>\n<p class=\"P29\" style=\"margin-left: 0cm;\"><span class=\"T7\">Verlesung und Genehmigung des Protokolls der Jahresversammlung 2019<\/span><\/p>\n<\/li>\n<li>\n<p class=\"P29\" style=\"margin-left: 0cm;\"><span class=\"T7\">Berichte des Vorstands \u00fcber das abgelaufene Jahr 2019<\/span><\/p>\n<\/li>\n<li>\n<p class=\"P29\" style=\"margin-left: 0cm;\"><span class=\"T7\">Kassenbericht des Schatzmeisters<\/span><\/p>\n<\/li>\n<li>\n<p class=\"P29\" style=\"margin-left: 0cm;\"><span class=\"T7\">Bericht der Kassenpr\u00fcfer<\/span><\/p>\n<\/li>\n<li>\n<p class=\"P29\" style=\"margin-left: 0cm;\"><span class=\"T7\">Wahl der Kassenpr\u00fcfer<\/span><\/p>\n<\/li>\n<li>\n<p class=\"P7\" style=\"margin-left: 0cm;\">Entlastung des Vorstands<\/p>\n<\/li>\n<li>\n<p class=\"P29\" style=\"margin-left: 0cm;\"><span class=\"T7\">Satzungs\u00e4nderungen<\/span><\/p>\n<\/li>\n<li>\n<p class=\"P29\" style=\"margin-left: 0cm;\"><span class=\"T7\">Vorschau auf die weiteren Termine des Jahres 2020<\/span><\/p>\n<\/li>\n<li>\n<p class=\"P7\" style=\"margin-left: 0cm;\">Verschiedenes<\/p>\n<\/li>\n<\/ol>\n<p class=\"Standard\"><span class=\"T7\">Im Anschluss an die Versammlung (gegen 20h) freuen wir uns auf <\/span><\/p>\n<p class=\"Standard\"><span class=\"T8\">Lichtbildvortrag von Reinhard Wirtz und Franz-Josef M\u00fcller: <\/span><\/p>\n<p class=\"P28\"><span class=\"T9\">\u201eDarmstadt: Dreimal Weltkulturerbe\u201c<\/span><\/p>\n<p class=\"Standard\"><span class=\"T7\">Wir hoffen auf ein zahlreiches Erscheinen!<\/span><\/p>\n<p class=\"Standard\"><span class=\"T7\">Alsdorf, den 13.03.2020<\/span><\/p>\n<p class=\"P30\"><span class=\"T8\">Franz-Josef M\u00fcller Dr. Stephan Saffer<\/span><\/p>\n<p class=\"P28\"><span class=\"T22\">Programm 1. Halbjahr 2020 <\/span><\/p>\n<p class=\"P28\">\u00c4nderungen, insbesondere Erg\u00e4nzungen oder Absagen vorbehalten<\/p>\n<table class=\"Tabelle1\" border=\"0\" cellspacing=\"0\" cellpadding=\"0\">\n<colgroup>\n<col width=\"194\" \/>\n<col width=\"87\" \/>\n<col width=\"120\" \/>\n<col width=\"315\" \/><\/colgroup>\n<tbody>\n<tr class=\"Tabelle11\">\n<td class=\"Tabelle1_A1\" style=\"text-align: left; width: 4.441cm;\">\n<p class=\"P33\"><span class=\"T8\">April 2020<\/span><\/p>\n<\/td>\n<td class=\"Tabelle1_A1\" style=\"text-align: left; width: 2cm;\"><\/td>\n<td class=\"Tabelle1_A1\" style=\"text-align: left; width: 2.75cm;\"><\/td>\n<td class=\"Tabelle1_D1\" style=\"text-align: left; width: 7.205cm;\"><\/td>\n<\/tr>\n<tr class=\"Tabelle11\">\n<td class=\"Tabelle1_A1\" style=\"text-align: left; width: 4.441cm;\">\n<p class=\"P33\">Mo, 27. April<\/p>\n<\/td>\n<td class=\"Tabelle1_A1\" style=\"text-align: left; width: 2cm;\"><\/td>\n<td class=\"Tabelle1_A1\" style=\"text-align: left; width: 2.75cm;\">\n<p class=\"P33\">Rathaus, 19.00h<\/p>\n<\/td>\n<td class=\"Tabelle1_D1\" style=\"text-align: left; width: 7.205cm;\">\n<p class=\"P55\"><span class=\"T13\">Die \u201aOperation Queen\u2018. Die Endphase des Zweiten Weltkrieges zwischen Aachen und der Rur 1944\/45<\/span><\/p>\n<p class=\"P40\"><span class=\"T3\">Vortrag von Guido von B\u00fcren, Historiker &amp; Vorsitzender des J\u00fclicher Geschichtsvereins<\/span><\/p>\n<p class=\"P40\">&#8211; Gemeinsam mit VHS Nordkreis Aachen &#8211;<\/p>\n<\/td>\n<\/tr>\n<tr class=\"Tabelle11\">\n<td class=\"Tabelle1_A1\" style=\"text-align: left; width: 4.441cm;\">\n<p class=\"P33\"><span class=\"T8\">Mai 2020<\/span><\/p>\n<\/td>\n<td class=\"Tabelle1_A1\" style=\"text-align: left; width: 2cm;\"><\/td>\n<td class=\"Tabelle1_A1\" style=\"text-align: left; width: 2.75cm;\"><\/td>\n<td class=\"Tabelle1_D1\" style=\"text-align: left; width: 7.205cm;\"><\/td>\n<\/tr>\n<tr class=\"Tabelle11\">\n<td class=\"Tabelle1_A1\" style=\"text-align: left; width: 4.441cm;\">\n<p class=\"P33\">Sa, 9. Mai<\/p>\n<\/td>\n<td class=\"Tabelle1_A1\" style=\"text-align: left; width: 2cm;\">\n<p class=\"P33\">Jour Fixe<\/p>\n<\/td>\n<td class=\"Tabelle1_A1\" style=\"text-align: left; width: 2.75cm;\">\n<p class=\"P33\">Kaminzimmer, 11-12.30<\/p>\n<\/td>\n<td class=\"Tabelle1_D1\" style=\"text-align: left; width: 7.205cm;\">\n<p class=\"P40\"><span class=\"T3\">Alsdorf und das Ende des Zweiten Weltkriegs<\/span><\/p>\n<\/td>\n<\/tr>\n<tr class=\"Tabelle11\">\n<td class=\"Tabelle1_A1\" style=\"text-align: left; width: 4.441cm;\">\n<p class=\"P33\">Di, 12. Mai<\/p>\n<\/td>\n<td class=\"Tabelle1_A1\" style=\"text-align: left; width: 2cm;\">\n<p class=\"P33\">Vortrag &amp; F\u00fchrung<\/p>\n<p class=\"P33\">\n<\/td>\n<td class=\"Tabelle1_A1\" style=\"text-align: left; width: 2.75cm;\">\n<p class=\"P33\">Kraftzentrale, <span class=\"T4\">18(!)<\/span><span class=\"T3\"> \u2013 19.30 <\/span>Uhr<\/p>\n<\/td>\n<td class=\"Tabelle1_D1\" style=\"text-align: left; width: 7.205cm;\">\n<p class=\"P40\"><span class=\"T10\">Die Alsdorfer Kraftzentrale \u2013 einzigartig in NRW<\/span><\/p>\n<p class=\"P40\"><span class=\"T10\">Eberhard Malecha, Archivar des AGV, Dipl.-Ing. Architektin Kathrin Koppe <\/span><\/p>\n<p class=\"P40\">&#8211; Gemeinsam mit VHS Nordkreis Aachen &#8211;<\/p>\n<\/td>\n<\/tr>\n<tr class=\"Tabelle11\">\n<td class=\"Tabelle1_A1\" style=\"text-align: left; width: 4.441cm;\">\n<p class=\"P33\">Mi, 27. Mai<\/p>\n<\/td>\n<td class=\"Tabelle1_A1\" style=\"text-align: left; width: 2cm;\"><\/td>\n<td class=\"Tabelle1_A1\" style=\"text-align: left; width: 2.75cm;\">\n<p class=\"P33\">19 Uhr Rathaus<\/p>\n<\/td>\n<td class=\"Tabelle1_D1\" style=\"text-align: left; width: 7.205cm;\">\n<p class=\"P43\">Jahresversammlung<\/p>\n<\/td>\n<\/tr>\n<tr class=\"Tabelle11\">\n<td class=\"Tabelle1_A1\" style=\"text-align: left; width: 4.441cm;\"><\/td>\n<td class=\"Tabelle1_A1\" style=\"text-align: left; width: 2cm;\"><\/td>\n<td class=\"Tabelle1_A1\" style=\"text-align: left; width: 2.75cm;\">\n<p class=\"P33\">20 Uhr Rathaus<\/p>\n<\/td>\n<td class=\"Tabelle1_D1\" style=\"text-align: left; width: 7.205cm;\">\n<p class=\"P40\"><span class=\"T10\">\u201eDarmstadt: Dreimal Weltkulturerbe!\u201c Lichtbildvortrag zur Exkursion 2019 von Reinhard Wirtz und Franz-Josef M\u00fcller<\/span><\/p>\n<\/td>\n<\/tr>\n<tr class=\"Tabelle11\">\n<td class=\"Tabelle1_A1\" style=\"text-align: left; width: 4.441cm;\">\n<p class=\"P33\"><span class=\"T8\">Juni 2020<\/span><\/p>\n<\/td>\n<td class=\"Tabelle1_A1\" style=\"text-align: left; width: 2cm;\"><\/td>\n<td class=\"Tabelle1_A1\" style=\"text-align: left; width: 2.75cm;\"><\/td>\n<td class=\"Tabelle1_D1\" style=\"text-align: left; width: 7.205cm;\"><\/td>\n<\/tr>\n<tr class=\"Tabelle11\">\n<td class=\"Tabelle1_A1\" style=\"text-align: left; width: 4.441cm;\">\n<p class=\"P33\">Sa, 6.Juni \u2013 So 7. Juni<\/p>\n<\/td>\n<td class=\"Tabelle1_A1\" style=\"text-align: left; width: 2cm;\">\n<p class=\"P37\">Exkursion<\/p>\n<\/td>\n<td class=\"Tabelle1_A1\" style=\"text-align: left; width: 2.75cm;\">\n<p class=\"P33\"><span class=\"T28\">Rathaus, 8.30 h <\/span><\/p>\n<\/td>\n<td class=\"Tabelle1_D1\" style=\"text-align: left; width: 7.205cm;\">\n<p class=\"P40\"><span class=\"T10\">Zweitagestour nach Amsterdam <\/span><\/p>\n<p class=\"P43\">\n<\/td>\n<\/tr>\n<tr class=\"Tabelle11\">\n<td class=\"Tabelle1_A1\" style=\"text-align: left; width: 4.441cm;\">\n<p class=\"P33\">Mi, 17. Juni<\/p>\n<\/td>\n<td class=\"Tabelle1_A1\" style=\"text-align: left; width: 2cm;\">\n<p class=\"P33\">Vortrag<\/p>\n<\/td>\n<td class=\"Tabelle1_A1\" style=\"text-align: left; width: 2.75cm;\">\n<p class=\"P33\">Castorhaus, 19h<\/p>\n<\/td>\n<td class=\"Tabelle1_D1\" style=\"text-align: left; width: 7.205cm;\">\n<p class=\"P40\"><span class=\"T30\">&#8222;<\/span><span class=\"T10\">Dr Heggestr\u00f6ver &#8211; Ein Segen f\u00fcr die Region<\/span><span class=\"T30\">&#8222;. Lichtbildvortrag von Franz Swoboda<\/span><\/p>\n<p class=\"P40\">&#8211; Gemeinsam mit VHS Nordkreis Aachen &#8211;<\/p>\n<\/td>\n<\/tr>\n<\/tbody>\n<\/table>\n<p class=\"P47\"><span class=\"T25\">Ausblick 2. Halbjahr 2020:<\/span><\/p>\n<ul>\n<li>\n<p class=\"P31\" style=\"margin-left: 0cm;\"><span class=\"T25\">Halbtagesexkursion Linnich: 500 Jahre Antwerpener Schnitzalt\u00e4re <\/span><\/p>\n<\/li>\n<li>\n<p class=\"P31\" style=\"margin-left: 0cm;\"><span class=\"T25\">Vortrag Albrecht D\u00fcrer<\/span><\/p>\n<\/li>\n<li>\n<p class=\"P31\" style=\"margin-left: 0cm;\"><span class=\"T25\">Vortrag Professor Kerner: Maria Magdalena<\/span><\/p>\n<\/li>\n<li>\n<p class=\"P26\" style=\"margin-left: 0cm;\">Ausflug nach L\u00fcttich<\/p>\n<\/li>\n<li>\n<p class=\"P31\" style=\"margin-left: 0cm;\"><span class=\"T25\">Vortrag Karl V.<\/span><\/p>\n<\/li>\n<li>\n<p class=\"P31\" style=\"margin-left: 0cm;\"><span class=\"T25\">Besuch der Ausstellungen zwischen 07.10.2020 und 10.01.2021: <\/span><\/p>\n<\/li>\n<\/ul>\n<p class=\"P49\"><span class=\"T23\">\u201eD\u00fcrer war hier. Der Beginn einer Legende\u201c (Suermondt Museum, Aachen)<\/span><\/p>\n<p class=\"P50\"><span class=\"T25\">\u201e<\/span><span class=\"T23\">Der gekaufte Kaiser: Die Kr\u00f6nung Karls V.<\/span> <span class=\"T23\">und der Wandel der Welt\u201c (Centre Charlemagne) \u2026<\/span><\/p>\n<p class=\"P51\"><span class=\"T31\">Am 7. Oktober 2020, exakt 500 Jahre nach der Ankunft Albrecht D\u00fcrers in Aachen, werden drei Ausstellungen unter dem Titel \u201eD\u00fcrer \u2013 Karl V. \u2013 Aachen\u201c er\u00f6ffnet, die das historische Treffen zum Anlass nehmen, drei Themen zu entfalten. Im Suermondt-Ludwig-Museum wird die Hauptausstellung zu sehen sein, die D\u00fcrers Reise und die dazugeh\u00f6rige k\u00fcnstlerische Produktion in den Fokus nimmt. Flankierend dazu besch\u00e4ftigt sich das Centre Charlemagne \u2013 Neues Stadtmuseum Aachen mit der prachtvollen Kr\u00f6nung Karls V.. <\/span><\/p>\n<ul>\n<li>\n<p class=\"P32\" style=\"margin-left: 0cm;\"><span class=\"T25\">und diverse Jours Fixes <\/span><\/p>\n<\/li>\n<\/ul>\n","protected":false},"excerpt":{"rendered":"<p>Sehr geehrte Damen und Herren, liebe Mitglieder, zu unserer Mitgliederversammlung\/Jahresversammlung 2020 laden wir herzlich ein f\u00fcr Mittwoch, den 27. Mai 2020, 19.00h im Castorhaus. Tagesordnung Verlesung und Genehmigung des Protokolls der Jahresversammlung 2019 Berichte des Vorstands \u00fcber das abgelaufene Jahr 2019 Kassenbericht des Schatzmeisters Bericht der Kassenpr\u00fcfer Wahl der Kassenpr\u00fcfer Entlastung des Vorstands Satzungs\u00e4nderungen Vorschau [&hellip;]<\/p>\n","protected":false},"author":1,"featured_media":114,"comment_status":"closed","ping_status":"open","sticky":false,"template":"","format":"standard","meta":{"footnotes":""},"categories":[1],"tags":[],"class_list":["post-582","post","type-post","status-publish","format-standard","has-post-thumbnail","hentry","category-aktuelles","has_thumb"],"_links":{"self":[{"href":"https:\/\/www.alsdorfer-geschichtsverein.de\/blog\/index.php?rest_route=\/wp\/v2\/posts\/582","targetHints":{"allow":["GET"]}}],"collection":[{"href":"https:\/\/www.alsdorfer-geschichtsverein.de\/blog\/index.php?rest_route=\/wp\/v2\/posts"}],"about":[{"href":"https:\/\/www.alsdorfer-geschichtsverein.de\/blog\/index.php?rest_route=\/wp\/v2\/types\/post"}],"author":[{"embeddable":true,"href":"https:\/\/www.alsdorfer-geschichtsverein.de\/blog\/index.php?rest_route=\/wp\/v2\/users\/1"}],"replies":[{"embeddable":true,"href":"https:\/\/www.alsdorfer-geschichtsverein.de\/blog\/index.php?rest_route=%2Fwp%2Fv2%2Fcomments&post=582"}],"version-history":[{"count":3,"href":"https:\/\/www.alsdorfer-geschichtsverein.de\/blog\/index.php?rest_route=\/wp\/v2\/posts\/582\/revisions"}],"predecessor-version":[{"id":585,"href":"https:\/\/www.alsdorfer-geschichtsverein.de\/blog\/index.php?rest_route=\/wp\/v2\/posts\/582\/revisions\/585"}],"wp:featuredmedia":[{"embeddable":true,"href":"https:\/\/www.alsdorfer-geschichtsverein.de\/blog\/index.php?rest_route=\/wp\/v2\/media\/114"}],"wp:attachment":[{"href":"https:\/\/www.alsdorfer-geschichtsverein.de\/blog\/index.php?rest_route=%2Fwp%2Fv2%2Fmedia&parent=582"}],"wp:term":[{"taxonomy":"category","embeddable":true,"href":"https:\/\/www.alsdorfer-geschichtsverein.de\/blog\/index.php?rest_route=%2Fwp%2Fv2%2Fcategories&post=582"},{"taxonomy":"post_tag","embeddable":true,"href":"https:\/\/www.alsdorfer-geschichtsverein.de\/blog\/index.php?rest_route=%2Fwp%2Fv2%2Ftags&post=582"}],"curies":[{"name":"wp","href":"https:\/\/api.w.org\/{rel}","templated":true}]}}