{"id":637,"date":"2023-02-25T08:17:27","date_gmt":"2023-02-25T08:17:27","guid":{"rendered":"https:\/\/www.alsdorfer-geschichtsverein.de\/blog\/?p=637"},"modified":"2023-02-25T08:21:02","modified_gmt":"2023-02-25T08:21:02","slug":"programm-2023","status":"publish","type":"post","link":"https:\/\/www.alsdorfer-geschichtsverein.de\/blog\/?p=637","title":{"rendered":"Programm 2023"},"content":{"rendered":"\n<p><\/p>\n\n\n\n<p><strong>Vorl\u00e4ufiges Programm 2023<br>(\u00c4nderungen und Erg\u00e4nzungen vorbehalten)<\/strong><\/p>\n\n\n\n<hr class=\"wp-block-separator has-alpha-channel-opacity\"\/>\n\n\n\n<p>Mittwoch, 29.03.2023, 19 Uhr Ratssaal<\/p>\n\n\n\n<p><strong>Dr. Sohail Nazir:\u00a0Benazir Bhutto &#8211; Feindin und Vorbild<\/strong>\u00a0(29.03.2023)<br>in Kooperation mit VHS<\/p>\n\n\n\n<p>Benazir Bhutto (Premierministerin Pakistans 1988-90, 1993-96) war nicht nur die erste Frau, die in einem mehrheitlich muslimischen Staat zur Premierministerin gew\u00e4hlt wurde, sondern auch die erste Frau, die in diesem Amt ein Kind zur Welt brachte. In einer Region, wo es Tabu f\u00fcr Frauen ist, \u00f6ffentliche \u00c4mter zu bekleiden, wurde sie zum erkl\u00e4rten Todfeind der Fundamentalisten nicht nur in Pakistan. Am 27. Dezember 2007 wurde sie brutal ermordet. Wer hinter dem Attentat steckt, bleibt ungekl\u00e4rt. In Pakistan, Iran, Indien, Bangladesch oder in Afghanistan, wo viele Frauen t\u00e4glich Opfer von Gewalt und Diskriminierung werden, bleibt sie ein umstrittenes Vorbild und inspiriert eine dynamische Zivilgesellschaft, die sich aktiv f\u00fcr die Gleichberechtigung der Frauen einsetzt.<br>\u00a0<br>Der Politikwissenschaftler und Historiker Dr. Sohail Nazir hat 2016 am King&#8217;s College London promoviert und am King&#8217;s College und am University College London gelehrt. Zuvor war er Horst-Siebert-Memorial Stipendiat f\u00fcr Internationale Beziehungen an der Johns-Hopkins-Universit\u00e4t. Er gibt neue Einblicke in die Rolle der Frauen in Staat und Gesellschaft S\u00fcdasiens und des Nahen Ostens anhand der Biographie von Benazir Bhutto.\u00a0<\/p>\n\n\n\n<hr class=\"wp-block-separator has-alpha-channel-opacity\"\/>\n\n\n\n<p>Samstag, 22.04.2023, 14.00 Uhr<\/p>\n\n\n\n<p><strong>Besuch Zollmuseum Friedrichs (mit F\u00fchrung)<\/strong><\/p>\n\n\n\n<p>14.30 Uhr: Horbacher Stra\u00dfe 497, 52072 Aachen-Horbach;<br>14.00 Uhr mit PKW ab Rathaus, wegen Mitfahrgelegenheit bitte anmelden bei<br>franz-josef.mueller@online.de<\/p>\n\n\n\n<p>An den 22 R\u00e4umen und rund 3.000 Exponaten des Zollmuseums l\u00e4sst sich die Geschichte der Z\u00f6lle und ihre Entwicklung von der Einnahmequelle bis hin zum Schutz f\u00fcr die einheimische Wirtschaft nachvollziehen. Als lebendiges Zentrum zur Erinnerung der Grenzgeschichte und Grenzgeschichten ist hier neben historischen Hintergr\u00fcnden auch viel Anschauliches ausgestellt.<br>Dazu z\u00e4hlen Dokumente der sog. &#8222;s\u00fcndigen Grenze&#8220; in den f\u00fcnfziger Jahren, als sich Z\u00f6llner und Schmuggler Verfolgungsjagden mit erfindungsreichen Hilfsmitteln lieferten, verbotene Souvenirs wie ausgestopfte B\u00e4ren, Krokotaschen, Elfenbein und Schlangenhaut, Zeugnisse der Markenpiraterie aber auch Uniformen, ein Zimmer mit Originalm\u00f6beln, eine Schwarzbrennerei und Schusterwerkstatt im Keller, ein Miniaturmodell des Zoll\u00fcbergangs Aachen-Lichtenbusch.<\/p>\n\n\n\n<hr class=\"wp-block-separator has-alpha-channel-opacity\"\/>\n\n\n\n<p>Mittwoch, 10.05. 2023<\/p>\n\n\n\n<p>19.00 Uhr <strong>Jahresversammlung 2022<\/strong><\/p>\n\n\n\n<p>20.00 Uhr <strong>Verleihung der Ehrenmitgliedschaft an unseren langj\u00e4hrigen Schatzmeister Bernd Hilgers<\/strong><\/p>\n\n\n\n<p><strong>Festvortrag: Eligius, M\u00fcnzmeister der K\u00f6nige (Franz-Josef M\u00fcller)<\/strong><\/p>\n\n\n\n<p>Der Legende nach beauftragte Clothar II. den Goldschmied Elegius mit der Erstellung eines Thronsessels. Da Elegius aus der ihm zur Verf\u00fcgung gestellten Menge Silber nicht nur einen sondern 2 St\u00fchle herstellte, wurde er zum k\u00f6niglichen M\u00fcnzmeister ernannt. In diesem Amt diente er auch Clothars Nachfolger Dagobert I. Ein Beitrag zur Geschichte der Merowinger.<\/p>\n\n\n\n<hr class=\"wp-block-separator has-alpha-channel-opacity\"\/>\n\n\n\n<p>Mittwoch, 12.07.2023 19.00 Uhr gro\u00dfer Saal<br><strong>Der Separatistenaufstand 1923, Dr. Thomas M\u00fcller, Dr. Ren\u00e9 Rohrkamp<\/strong><\/p>\n\n\n\n<p>Die junge Weimarer Republik erlebt 1923 das schwerste Jahr seit ihrer Gr\u00fcndung vor f\u00fcnf Jahren. Mit der Besetzung des Ruhrgebiets durch Frankreich und Belgien eskaliert der Konflikt um die Reparationszahlungen. Putschversuche und Aufst\u00e4nde ersch\u00fcttern das Deutsche Reich. Der Begriff\u00a0Rheinische Republik\u00a0steht f\u00fcr den kurzzeitigen Versuch einer \u00a0Staatsgr\u00fcndung\u00a0separatistischer\u00a0Bewegungen im\u00a0Rheinland\u00a0des Jahres 1923 mit dem Zentrum in Koblenz in Abgrenzung zu Preu\u00dfen und Auswirkungen in Aachen und Eschweiler.<\/p>\n\n\n\n<hr class=\"wp-block-separator has-alpha-channel-opacity\"\/>\n\n\n\n<p>Do, 17.08.2023, 19.00h Luthersaal<\/p>\n\n\n\n<p><strong>Der Rhein. Ein poetisch-politischer und mystisch-musikalischer Sehnsuchtsort. Joachim Peters<\/strong><\/p>\n\n\n\n<p>Kaum ein Fluss in Europa ist so mit nationaler Symbolik sowie M\u00e4rchen und Mythen aufgeladen wie der &#8222;wundersch\u00f6ne deutsche Rhein&#8220;, wie es noch in einem Nachkriegsschlager anklingt. Besonders im 19. Jahrhundert, mit dem Aufkommen des Rhein-Tourismus und der Begeisterung f\u00fcr &#8222;Good old Germany&#8220; englischer Besucher wie dem Landschaftsmaler Turner, ist dies nachzuweisen. Inspiriert von der rheinischen Sagengestalt der &#8222;Lureley&#8220; des Dichters Brentano, schuf Heinrich Heine in dem von Friedrich Silcher vertonten&nbsp;Gedicht die volkst\u00fcmliche Version der schiffermordenden Blondine. Preu\u00dfen wurde 1815 nach dem Wiener Kongress die deutsche &#8222;Wacht am Rhein&#8220;. Franz\u00f6sische Gebietsanspr\u00fcche und die Rhein-Krise 1840 brachten patriotische Lieder hervor.<\/p>\n\n\n\n<p>G\u00e4nzlich unpolitisch, aber vom Rhein und seinen Sch\u00f6nheiten inspiriert, flie\u00dft die &#8222;Rheinische Sinfonie&#8220; von Robert Schumann dahin: Eine Hommage des geb\u00fcrtigen Sachsen an seine neue Wahlheimat, nachdem er 1840 zum D\u00fcsseldorfer Generalmusikdirektor ernannt worden war. Auch ein anderer Komponist aus Sachsen, Richard Wagner, war von Landschaft wie Mythen am Rhein fasziniert. In seinem Monumental-Musikdrama &#8222;Der Ring des Nibelungen&#8220; verbindet er die Sagen vom Rheingold und das Nibelungen-Schicksal in Worms mit einer modernen Zivilisationskritik. Der Rhein ist Schauplatz von Machtgier und einer Ausbeutung der Natur, an deren Folgen nicht nur dieser Fluss bis heute zu leiden hat.<\/p>\n\n\n\n<hr class=\"wp-block-separator has-alpha-channel-opacity\"\/>\n\n\n\n<p>Mi, 6. September 2023, 19.00 Uhr<\/p>\n\n\n\n<p><strong>Jakob\u00e4a von Holland, die letzte Wittelsbacherin auf dem holl\u00e4ndischen Thron. Vortrag zum Europafest (Mottoland: Niederlande), Armin Meissner<\/strong><\/p>\n\n\n\n<p>Jakob\u00e4a (* 15. Juli 1401 in Den Haag; \u2020 9. Oktober 1436 in Teilingen) war Gr\u00e4fin von Hennegau, Holland und Seeland und die letzte Wittelsbacherin auf dem holl\u00e4ndischen Thron.<\/p>\n\n\n\n<hr class=\"wp-block-separator has-alpha-channel-opacity\"\/>\n\n\n\n<p>Montag, 16. Oktober:<br><strong>Leseempfehlungen &#8211; Vorstellung B\u00fccher zu geschichtlichen Themen<\/strong><\/p>\n\n\n\n<hr class=\"wp-block-separator has-alpha-channel-opacity\"\/>\n\n\n\n<p>Mittwoch, 8. November:<br><strong>Vortrag zum 9. November 1938<\/strong><\/p>\n\n\n\n<hr class=\"wp-block-separator has-alpha-channel-opacity\"\/>\n\n\n\n<p>Mittwoch, 29. November 2023:<br><strong>Jahresversammlung 2023<\/strong><\/p>\n\n\n\n<hr class=\"wp-block-separator has-alpha-channel-opacity\"\/>\n\n\n\n<p>Noch nicht terminiert:<br><strong>Bernward Lange:<br>Freiherr Joseph von Blanckart zu Alsdorf<br>\u2013 napoleonischer Milit\u00e4rsch\u00fcler, preu\u00dfischer Student, Ingenieur, Schlo\u00dfherr &#8211;<\/strong><\/p>\n","protected":false},"excerpt":{"rendered":"<p>Vorl\u00e4ufiges Programm 2023<br \/>\n(\u00c4nderungen und Erg\u00e4nzungen vorbehalten)<\/p>\n","protected":false},"author":1,"featured_media":114,"comment_status":"closed","ping_status":"open","sticky":false,"template":"","format":"standard","meta":{"footnotes":""},"categories":[1],"tags":[],"class_list":["post-637","post","type-post","status-publish","format-standard","has-post-thumbnail","hentry","category-aktuelles","has_thumb"],"_links":{"self":[{"href":"https:\/\/www.alsdorfer-geschichtsverein.de\/blog\/index.php?rest_route=\/wp\/v2\/posts\/637","targetHints":{"allow":["GET"]}}],"collection":[{"href":"https:\/\/www.alsdorfer-geschichtsverein.de\/blog\/index.php?rest_route=\/wp\/v2\/posts"}],"about":[{"href":"https:\/\/www.alsdorfer-geschichtsverein.de\/blog\/index.php?rest_route=\/wp\/v2\/types\/post"}],"author":[{"embeddable":true,"href":"https:\/\/www.alsdorfer-geschichtsverein.de\/blog\/index.php?rest_route=\/wp\/v2\/users\/1"}],"replies":[{"embeddable":true,"href":"https:\/\/www.alsdorfer-geschichtsverein.de\/blog\/index.php?rest_route=%2Fwp%2Fv2%2Fcomments&post=637"}],"version-history":[{"count":3,"href":"https:\/\/www.alsdorfer-geschichtsverein.de\/blog\/index.php?rest_route=\/wp\/v2\/posts\/637\/revisions"}],"predecessor-version":[{"id":641,"href":"https:\/\/www.alsdorfer-geschichtsverein.de\/blog\/index.php?rest_route=\/wp\/v2\/posts\/637\/revisions\/641"}],"wp:featuredmedia":[{"embeddable":true,"href":"https:\/\/www.alsdorfer-geschichtsverein.de\/blog\/index.php?rest_route=\/wp\/v2\/media\/114"}],"wp:attachment":[{"href":"https:\/\/www.alsdorfer-geschichtsverein.de\/blog\/index.php?rest_route=%2Fwp%2Fv2%2Fmedia&parent=637"}],"wp:term":[{"taxonomy":"category","embeddable":true,"href":"https:\/\/www.alsdorfer-geschichtsverein.de\/blog\/index.php?rest_route=%2Fwp%2Fv2%2Fcategories&post=637"},{"taxonomy":"post_tag","embeddable":true,"href":"https:\/\/www.alsdorfer-geschichtsverein.de\/blog\/index.php?rest_route=%2Fwp%2Fv2%2Ftags&post=637"}],"curies":[{"name":"wp","href":"https:\/\/api.w.org\/{rel}","templated":true}]}}