{"id":84,"date":"2015-02-06T19:07:04","date_gmt":"2015-02-06T19:07:04","guid":{"rendered":"http:\/\/www.alsdorfer-geschichtsverein.de\/blog\/?p=84"},"modified":"2015-03-21T06:54:32","modified_gmt":"2015-03-21T06:54:32","slug":"exkursion-nach-mons-18-04-2015","status":"publish","type":"post","link":"https:\/\/www.alsdorfer-geschichtsverein.de\/blog\/?p=84","title":{"rendered":"Exkursion nach Mons (18.04.2015)"},"content":{"rendered":"<p>Sehr geehrte Damen und Herren,<\/p>\n<p>wir laden ein:<\/p>\n<p><strong>Samstag, 18. April 8.00h &#8211; 20.00h: Exkursion nach Mons<\/strong> &#8211; Kulturhauptstadt Europas 2015<\/p>\n<p>Hauptsehensw\u00fcrdigkeiten der Hauptstadt des Hennegaus mit rd. 90.000 Einwohnern an der Grenze nach Frankeich mit einer geschlossenen historischen Altstadt sind:<\/p>\n<ul>\n<li><em>Belfried (Le Beffroi):<\/em> Der Belfried wurde 1661\u20131672 im Stil des Barock erbaut und ist das Wahrzeichen der Stadt. Er wurde 2000 zusammen mit 55 anderen Belfrieden in Belgien und Frankreich von der UNESCO zum Weltkulturerbe erkl\u00e4rt.<\/li>\n<li>Die <em>Waltrudiskirche, <\/em>1460\u20131589 im Stil der Brabanter Gotik erbaut, beherbergte auch Stiftsdamen aus Alsdorf. Das Bauwerk enth\u00e4lt Alabasterstatuen des Bildhauers Jacques Du Br\u0153ucq (16 Jh.) und den \u201eGoldenen Wagen\u201c, eine Prozessionskutsche f\u00fcr die Reliquien der heiligen Waltraud von Mons, deren Reliquien in einem goldenen Schrein \u00fcber dem Hochaltar schweben.<\/li>\n<li><em>Rathaus:<\/em> das sp\u00e4tgotisches Rathaus wurde 1440\u20131443 erbaut und beherrscht den Marktplatz.<\/li>\n<\/ul>\n<p>Das geschlossene Bild der Altstadt wird gepr\u00e4gt durch zahlreiche entz\u00fcckende Caf\u00e9s, Restaurants und Gastst\u00e4tten mit Bildergalerien &amp; Kunstausstellungen, belgischen Kaffeespezilit\u00e4ten &amp; belgischem Bier.<\/p>\n<p>Geplant sind ein Stadtrundgang, eine Mittagspause mit ausreichender Zeit zur eigenen Verf\u00fcgung sowie der Besuch der Van Gogh-Ausstellung.<\/p>\n<p>Leitung: Franz-Josef M\u00fcller<\/p>\n<p>Preis f\u00fcr Fahrt und Eintritte: 30,00 Euro pro Person<\/p>\n<p>Anmeldungen bitte an:<br \/>\nFranz-Josef M\u00fcller,<br \/>\nOfdener Gracht 13,<br \/>\n52477 Alsdorf<br \/>\n(oder: <a href=\"mailto:Franz-Josef.Mueller@online.de\">Franz-Josef.Mueller@online.de<\/a>)<\/p>\n<p><strong>Ein Vordruck f\u00fcr die Anmeldung ist hier zu finden:<\/strong> <a href=\"https:\/\/www.alsdorfer-geschichtsverein.de\/blog\/wp-content\/uploads\/2015\/02\/Einladung-Exkursion-nach-Mons.pdf\">Einladung-Exkursion-nach-Mons<\/a><br \/>\nWir freuen auf eine zahlreiche Teilnahme!<\/p>\n<p><strong>Franz-Josef M\u00fcller\u00a0\u00a0\u00a0\u00a0\u00a0\u00a0\u00a0\u00a0\u00a0\u00a0\u00a0\u00a0\u00a0\u00a0\u00a0\u00a0\u00a0\u00a0\u00a0\u00a0\u00a0\u00a0\u00a0\u00a0\u00a0\u00a0\u00a0\u00a0\u00a0\u00a0\u00a0\u00a0\u00a0\u00a0\u00a0\u00a0 Dr. Stephan Saffer<\/strong><\/p>\n","protected":false},"excerpt":{"rendered":"<p>Sehr geehrte Damen und Herren, wir laden ein: Samstag, 18. April 8.00h &#8211; 20.00h: Exkursion nach Mons &#8211; Kulturhauptstadt Europas 2015 Hauptsehensw\u00fcrdigkeiten der Hauptstadt des Hennegaus mit rd. 90.000 Einwohnern an der Grenze nach Frankeich mit einer geschlossenen historischen Altstadt sind: Belfried (Le Beffroi): Der Belfried wurde 1661\u20131672 im Stil des Barock erbaut und ist [&hellip;]<\/p>\n","protected":false},"author":1,"featured_media":114,"comment_status":"open","ping_status":"open","sticky":false,"template":"","format":"standard","meta":{"footnotes":""},"categories":[1],"tags":[],"class_list":["post-84","post","type-post","status-publish","format-standard","has-post-thumbnail","hentry","category-aktuelles","has_thumb"],"_links":{"self":[{"href":"https:\/\/www.alsdorfer-geschichtsverein.de\/blog\/index.php?rest_route=\/wp\/v2\/posts\/84","targetHints":{"allow":["GET"]}}],"collection":[{"href":"https:\/\/www.alsdorfer-geschichtsverein.de\/blog\/index.php?rest_route=\/wp\/v2\/posts"}],"about":[{"href":"https:\/\/www.alsdorfer-geschichtsverein.de\/blog\/index.php?rest_route=\/wp\/v2\/types\/post"}],"author":[{"embeddable":true,"href":"https:\/\/www.alsdorfer-geschichtsverein.de\/blog\/index.php?rest_route=\/wp\/v2\/users\/1"}],"replies":[{"embeddable":true,"href":"https:\/\/www.alsdorfer-geschichtsverein.de\/blog\/index.php?rest_route=%2Fwp%2Fv2%2Fcomments&post=84"}],"version-history":[{"count":2,"href":"https:\/\/www.alsdorfer-geschichtsverein.de\/blog\/index.php?rest_route=\/wp\/v2\/posts\/84\/revisions"}],"predecessor-version":[{"id":87,"href":"https:\/\/www.alsdorfer-geschichtsverein.de\/blog\/index.php?rest_route=\/wp\/v2\/posts\/84\/revisions\/87"}],"wp:featuredmedia":[{"embeddable":true,"href":"https:\/\/www.alsdorfer-geschichtsverein.de\/blog\/index.php?rest_route=\/wp\/v2\/media\/114"}],"wp:attachment":[{"href":"https:\/\/www.alsdorfer-geschichtsverein.de\/blog\/index.php?rest_route=%2Fwp%2Fv2%2Fmedia&parent=84"}],"wp:term":[{"taxonomy":"category","embeddable":true,"href":"https:\/\/www.alsdorfer-geschichtsverein.de\/blog\/index.php?rest_route=%2Fwp%2Fv2%2Fcategories&post=84"},{"taxonomy":"post_tag","embeddable":true,"href":"https:\/\/www.alsdorfer-geschichtsverein.de\/blog\/index.php?rest_route=%2Fwp%2Fv2%2Ftags&post=84"}],"curies":[{"name":"wp","href":"https:\/\/api.w.org\/{rel}","templated":true}]}}